{"id":969,"date":"2013-10-16T06:54:21","date_gmt":"2013-10-16T06:54:21","guid":{"rendered":"http:\/\/www.lacas.be\/?p=969"},"modified":"2013-10-16T06:54:28","modified_gmt":"2013-10-16T06:54:28","slug":"pochon-maison","status":"publish","type":"post","link":"http:\/\/www.lacas.be\/?p=969","title":{"rendered":"Pochon \u00ab\u00a0maison\u00a0\u00bb"},"content":{"rendered":"<p>Bonjour,<\/p>\n<p>Derni\u00e8rement, j&rsquo;ai r\u00e9alis\u00e9 un petit pochon avec mes restes de lin beige et de gros coton ray\u00e9.<\/p>\n<p><a href=\"http:\/\/www.lacas.be\/wp-content\/uploads\/2013\/10\/02-10-2013-2-021-e1381905178223.jpg\"><img loading=\"lazy\" decoding=\"async\" class=\"alignnone size-medium wp-image-928\" alt=\"02-10-2013 (2) 021\" src=\"http:\/\/www.lacas.be\/wp-content\/uploads\/2013\/10\/02-10-2013-2-021-e1381905178223-200x300.jpg\" width=\"200\" height=\"300\" srcset=\"http:\/\/www.lacas.be\/wp-content\/uploads\/2013\/10\/02-10-2013-2-021-e1381905178223-200x300.jpg 200w, http:\/\/www.lacas.be\/wp-content\/uploads\/2013\/10\/02-10-2013-2-021-e1381905178223-685x1024.jpg 685w\" sizes=\"auto, (max-width: 200px) 100vw, 200px\" \/><\/a><a href=\"http:\/\/www.lacas.be\/wp-content\/uploads\/2013\/10\/02-10-2013-2-019.jpg\"><img loading=\"lazy\" decoding=\"async\" class=\"size-medium wp-image-926 alignnone\" alt=\"02-10-2013 (2) 019\" src=\"http:\/\/www.lacas.be\/wp-content\/uploads\/2013\/10\/02-10-2013-2-019-200x300.jpg\" width=\"200\" height=\"300\" srcset=\"http:\/\/www.lacas.be\/wp-content\/uploads\/2013\/10\/02-10-2013-2-019-200x300.jpg 200w, http:\/\/www.lacas.be\/wp-content\/uploads\/2013\/10\/02-10-2013-2-019-685x1024.jpg 685w\" sizes=\"auto, (max-width: 200px) 100vw, 200px\" \/><\/a>\u00a0\u00a0\u00a0<\/p>\n<p>Il est enti\u00e8rement doubl\u00e9 avec du coton blanc provenant des draps tout simples trouv\u00e9s en brocante et j&rsquo;ai int\u00e9gr\u00e9 une dentelle pour recouvrir les coutures int\u00e9rieures.<\/p>\n<p><a href=\"http:\/\/www.lacas.be\/wp-content\/uploads\/2013\/10\/02-10-2013-2-024.jpg\"><img loading=\"lazy\" decoding=\"async\" class=\"alignnone size-large wp-image-927\" alt=\"02-10-2013 (2) 024\" src=\"http:\/\/www.lacas.be\/wp-content\/uploads\/2013\/10\/02-10-2013-2-024-1024x685.jpg\" width=\"640\" height=\"428\" srcset=\"http:\/\/www.lacas.be\/wp-content\/uploads\/2013\/10\/02-10-2013-2-024-1024x685.jpg 1024w, http:\/\/www.lacas.be\/wp-content\/uploads\/2013\/10\/02-10-2013-2-024-300x200.jpg 300w\" sizes=\"auto, (max-width: 640px) 100vw, 640px\" \/><\/a><\/p>\n<p>Je suis assez satisfaite du r\u00e9sultat et notamment de la petite bordure en broderie de mon cru (mais chut, on ne dira pas que c&rsquo;\u00e9tait pour camoufler des imperfections !!)<\/p>\n<p><a href=\"http:\/\/www.lacas.be\/wp-content\/uploads\/2013\/10\/02-10-2013-2-014.jpg\"><img loading=\"lazy\" decoding=\"async\" class=\"alignnone size-large wp-image-924\" alt=\"02-10-2013 (2) 014\" src=\"http:\/\/www.lacas.be\/wp-content\/uploads\/2013\/10\/02-10-2013-2-014-1024x685.jpg\" width=\"640\" height=\"428\" srcset=\"http:\/\/www.lacas.be\/wp-content\/uploads\/2013\/10\/02-10-2013-2-014-1024x685.jpg 1024w, http:\/\/www.lacas.be\/wp-content\/uploads\/2013\/10\/02-10-2013-2-014-300x200.jpg 300w\" sizes=\"auto, (max-width: 640px) 100vw, 640px\" \/><\/a><\/p>\n<p>Et pour terminer, une petite touche homemade avec un charm en forme de coeur.<\/p>\n<p><a href=\"http:\/\/www.lacas.be\/wp-content\/uploads\/2013\/10\/02-10-2013-2-015.jpg\"><img loading=\"lazy\" decoding=\"async\" class=\"size-medium wp-image-925 aligncenter\" alt=\"02-10-2013 (2) 015\" src=\"http:\/\/www.lacas.be\/wp-content\/uploads\/2013\/10\/02-10-2013-2-015-300x200.jpg\" width=\"300\" height=\"200\" srcset=\"http:\/\/www.lacas.be\/wp-content\/uploads\/2013\/10\/02-10-2013-2-015-300x200.jpg 300w, http:\/\/www.lacas.be\/wp-content\/uploads\/2013\/10\/02-10-2013-2-015-1024x685.jpg 1024w\" sizes=\"auto, (max-width: 300px) 100vw, 300px\" \/><\/a><\/p>\n<p>Pour une fois, j&rsquo;ai cousu\u00a0quelques d\u00e9tails \u00e0 la main (bordure, coulisse et dentelle). Et voil\u00e0 encore un pochon qui s&rsquo;ajoute aux autres &#8230;<\/p>\n<p>Mille pens\u00e9es automnales \u00e0 tous.<\/p>\n","protected":false},"excerpt":{"rendered":"<p>Bonjour, Derni\u00e8rement, j&rsquo;ai r\u00e9alis\u00e9 un petit pochon avec mes restes de lin beige et de gros coton ray\u00e9. \u00a0\u00a0\u00a0 Il est enti\u00e8rement doubl\u00e9 avec du coton blanc provenant des draps tout simples trouv\u00e9s en brocante et j&rsquo;ai int\u00e9gr\u00e9 une dentelle &hellip; <a href=\"http:\/\/www.lacas.be\/?p=969\">Continuer la lecture <span class=\"meta-nav\">&rarr;<\/span><\/a><\/p>\n","protected":false},"author":1,"featured_media":0,"comment_status":"open","ping_status":"open","sticky":false,"template":"","format":"standard","meta":{"footnotes":""},"categories":[1],"tags":[],"class_list":["post-969","post","type-post","status-publish","format-standard","hentry","category-non-classe"],"_links":{"self":[{"href":"http:\/\/www.lacas.be\/index.php?rest_route=\/wp\/v2\/posts\/969","targetHints":{"allow":["GET"]}}],"collection":[{"href":"http:\/\/www.lacas.be\/index.php?rest_route=\/wp\/v2\/posts"}],"about":[{"href":"http:\/\/www.lacas.be\/index.php?rest_route=\/wp\/v2\/types\/post"}],"author":[{"embeddable":true,"href":"http:\/\/www.lacas.be\/index.php?rest_route=\/wp\/v2\/users\/1"}],"replies":[{"embeddable":true,"href":"http:\/\/www.lacas.be\/index.php?rest_route=%2Fwp%2Fv2%2Fcomments&post=969"}],"version-history":[{"count":3,"href":"http:\/\/www.lacas.be\/index.php?rest_route=\/wp\/v2\/posts\/969\/revisions"}],"predecessor-version":[{"id":972,"href":"http:\/\/www.lacas.be\/index.php?rest_route=\/wp\/v2\/posts\/969\/revisions\/972"}],"wp:attachment":[{"href":"http:\/\/www.lacas.be\/index.php?rest_route=%2Fwp%2Fv2%2Fmedia&parent=969"}],"wp:term":[{"taxonomy":"category","embeddable":true,"href":"http:\/\/www.lacas.be\/index.php?rest_route=%2Fwp%2Fv2%2Fcategories&post=969"},{"taxonomy":"post_tag","embeddable":true,"href":"http:\/\/www.lacas.be\/index.php?rest_route=%2Fwp%2Fv2%2Ftags&post=969"}],"curies":[{"name":"wp","href":"https:\/\/api.w.org\/{rel}","templated":true}]}}