{"id":86,"date":"2012-07-17T05:27:52","date_gmt":"2012-07-17T05:27:52","guid":{"rendered":"http:\/\/www.lacas.be\/?p=86"},"modified":"2012-07-17T14:13:02","modified_gmt":"2012-07-17T14:13:02","slug":"un-coin-de-ma-maison","status":"publish","type":"post","link":"http:\/\/www.lacas.be\/?p=86","title":{"rendered":"un coin de ma maison"},"content":{"rendered":"<p><a href=\"http:\/\/www.lacas.be\/wp-content\/uploads\/2012\/07\/DSC_0002.jpg\"><img loading=\"lazy\" decoding=\"async\" class=\"alignright size-medium wp-image-91\" title=\"DSC_0002\" src=\"http:\/\/www.lacas.be\/wp-content\/uploads\/2012\/07\/DSC_0002-300x200.jpg\" alt=\"\" width=\"300\" height=\"200\" srcset=\"http:\/\/www.lacas.be\/wp-content\/uploads\/2012\/07\/DSC_0002-300x200.jpg 300w, http:\/\/www.lacas.be\/wp-content\/uploads\/2012\/07\/DSC_0002-1024x685.jpg 1024w\" sizes=\"auto, (max-width: 300px) 100vw, 300px\" \/><\/a>Deux petits meubles r\u00e9nov\u00e9s l&rsquo;an dernier et litt\u00e9ralement \u00ab\u00a0sauv\u00e9s\u00a0\u00bb in extremis de l&rsquo;oubli au fond d&rsquo;une grange &#8230; Aucune valeur marchande\u00a0mais strictement sentimentale\u00a0.Il s&rsquo;agit en effet d&rsquo;une fabrication \u00ab\u00a0home made\u00a0\u00bb par le grand p\u00e8re de mon mari, avec les moyens du bord de l&rsquo;\u00e9poque&#8230; diff\u00e9rentes planches de bois\u00a0de qualit\u00e9 in\u00e9gale les composent. A l&rsquo;origine, une commode \u00ab\u00a0lavabo\u00a0\u00bb et une table de nuit assortie&#8230;.<\/p>\n<p>D\u00e9sol\u00e9e pour la qualit\u00e9 des images mais le photographe a promis de faire des efforts en mati\u00e8re de r\u00e9glage de luminosit\u00e9 &#8230;. la prochaine fois &#8230;.<\/p>\n<p>\u00a0<a href=\"http:\/\/www.lacas.be\/wp-content\/uploads\/2012\/07\/DSC_0003.jpg\"><img loading=\"lazy\" decoding=\"async\" class=\"size-medium wp-image-89 aligncenter\" title=\"DSC_0003\" src=\"http:\/\/www.lacas.be\/wp-content\/uploads\/2012\/07\/DSC_0003-200x300.jpg\" alt=\"\" width=\"200\" height=\"300\" srcset=\"http:\/\/www.lacas.be\/wp-content\/uploads\/2012\/07\/DSC_0003-200x300.jpg 200w, http:\/\/www.lacas.be\/wp-content\/uploads\/2012\/07\/DSC_0003-685x1024.jpg 685w\" sizes=\"auto, (max-width: 200px) 100vw, 200px\" \/><\/a><\/p>\n<p>&nbsp;<\/p>\n<p>&nbsp;<\/p>\n<p>&nbsp;<\/p>\n<p>&nbsp;<\/p>\n<p>&nbsp;<\/p>\n<p>&nbsp;<\/p>\n<p>&nbsp;<\/p>\n","protected":false},"excerpt":{"rendered":"<p>Deux petits meubles r\u00e9nov\u00e9s l&rsquo;an dernier et litt\u00e9ralement \u00ab\u00a0sauv\u00e9s\u00a0\u00bb in extremis de l&rsquo;oubli au fond d&rsquo;une grange &#8230; Aucune valeur marchande\u00a0mais strictement sentimentale\u00a0.Il s&rsquo;agit en effet d&rsquo;une fabrication \u00ab\u00a0home made\u00a0\u00bb par le grand p\u00e8re de mon mari, avec les moyens &hellip; <a href=\"http:\/\/www.lacas.be\/?p=86\">Continuer la lecture <span class=\"meta-nav\">&rarr;<\/span><\/a><\/p>\n","protected":false},"author":1,"featured_media":0,"comment_status":"open","ping_status":"open","sticky":false,"template":"","format":"standard","meta":{"footnotes":""},"categories":[1],"tags":[],"class_list":["post-86","post","type-post","status-publish","format-standard","hentry","category-non-classe"],"_links":{"self":[{"href":"http:\/\/www.lacas.be\/index.php?rest_route=\/wp\/v2\/posts\/86","targetHints":{"allow":["GET"]}}],"collection":[{"href":"http:\/\/www.lacas.be\/index.php?rest_route=\/wp\/v2\/posts"}],"about":[{"href":"http:\/\/www.lacas.be\/index.php?rest_route=\/wp\/v2\/types\/post"}],"author":[{"embeddable":true,"href":"http:\/\/www.lacas.be\/index.php?rest_route=\/wp\/v2\/users\/1"}],"replies":[{"embeddable":true,"href":"http:\/\/www.lacas.be\/index.php?rest_route=%2Fwp%2Fv2%2Fcomments&post=86"}],"version-history":[{"count":7,"href":"http:\/\/www.lacas.be\/index.php?rest_route=\/wp\/v2\/posts\/86\/revisions"}],"predecessor-version":[{"id":95,"href":"http:\/\/www.lacas.be\/index.php?rest_route=\/wp\/v2\/posts\/86\/revisions\/95"}],"wp:attachment":[{"href":"http:\/\/www.lacas.be\/index.php?rest_route=%2Fwp%2Fv2%2Fmedia&parent=86"}],"wp:term":[{"taxonomy":"category","embeddable":true,"href":"http:\/\/www.lacas.be\/index.php?rest_route=%2Fwp%2Fv2%2Fcategories&post=86"},{"taxonomy":"post_tag","embeddable":true,"href":"http:\/\/www.lacas.be\/index.php?rest_route=%2Fwp%2Fv2%2Ftags&post=86"}],"curies":[{"name":"wp","href":"https:\/\/api.w.org\/{rel}","templated":true}]}}