{"id":8118,"date":"2025-03-08T17:27:27","date_gmt":"2025-03-08T17:27:27","guid":{"rendered":"http:\/\/www.lacas.be\/?p=8118"},"modified":"2025-03-08T17:27:27","modified_gmt":"2025-03-08T17:27:27","slug":"creations-florales","status":"publish","type":"post","link":"http:\/\/www.lacas.be\/?p=8118","title":{"rendered":"Cr\u00e9ations florales"},"content":{"rendered":"\n<p>Une apr\u00e8s midi cr\u00e9ative par une belle journ\u00e9e d&rsquo;hiver ensoleill\u00e9e ! Ce qui m&rsquo;a donn\u00e9 l&rsquo;envie de r\u00e9aliser des compositions de fleurs s\u00e9ch\u00e9es aux couleurs printani\u00e8res ! J&rsquo;ai donc pass\u00e9 un certain temps \u00e0 pr\u00e9parer des r\u00e9as que je proposerai lors de mon prochain march\u00e9 en avril. En voici les (nombreuses) images !<\/p>\n\n\n\n<figure class=\"wp-block-image size-full\"><img loading=\"lazy\" decoding=\"async\" width=\"1018\" height=\"758\" src=\"http:\/\/www.lacas.be\/wp-content\/uploads\/2025\/03\/fleurs-sechees-1.jpg\" alt=\"\" class=\"wp-image-8119\" srcset=\"http:\/\/www.lacas.be\/wp-content\/uploads\/2025\/03\/fleurs-sechees-1.jpg 1018w, http:\/\/www.lacas.be\/wp-content\/uploads\/2025\/03\/fleurs-sechees-1-300x223.jpg 300w, http:\/\/www.lacas.be\/wp-content\/uploads\/2025\/03\/fleurs-sechees-1-150x112.jpg 150w, http:\/\/www.lacas.be\/wp-content\/uploads\/2025\/03\/fleurs-sechees-1-768x572.jpg 768w, http:\/\/www.lacas.be\/wp-content\/uploads\/2025\/03\/fleurs-sechees-1-403x300.jpg 403w\" sizes=\"auto, (max-width: 1018px) 100vw, 1018px\" \/><\/figure>\n\n\n\n<figure class=\"wp-block-image size-large\"><img loading=\"lazy\" decoding=\"async\" width=\"1024\" height=\"461\" src=\"http:\/\/www.lacas.be\/wp-content\/uploads\/2025\/03\/fleurs-sechees-2-1024x461.jpg\" alt=\"\" class=\"wp-image-8120\" srcset=\"http:\/\/www.lacas.be\/wp-content\/uploads\/2025\/03\/fleurs-sechees-2-1024x461.jpg 1024w, http:\/\/www.lacas.be\/wp-content\/uploads\/2025\/03\/fleurs-sechees-2-300x135.jpg 300w, http:\/\/www.lacas.be\/wp-content\/uploads\/2025\/03\/fleurs-sechees-2-150x67.jpg 150w, http:\/\/www.lacas.be\/wp-content\/uploads\/2025\/03\/fleurs-sechees-2-768x345.jpg 768w, http:\/\/www.lacas.be\/wp-content\/uploads\/2025\/03\/fleurs-sechees-2-1536x691.jpg 1536w, http:\/\/www.lacas.be\/wp-content\/uploads\/2025\/03\/fleurs-sechees-2-500x225.jpg 500w, http:\/\/www.lacas.be\/wp-content\/uploads\/2025\/03\/fleurs-sechees-2.jpg 2048w\" sizes=\"auto, (max-width: 1024px) 100vw, 1024px\" \/><\/figure>\n\n\n\n<figure class=\"wp-block-image size-large\"><img loading=\"lazy\" decoding=\"async\" width=\"1024\" height=\"713\" src=\"http:\/\/www.lacas.be\/wp-content\/uploads\/2025\/03\/fleurs-sechees-3-1024x713.jpg\" alt=\"\" class=\"wp-image-8121\" srcset=\"http:\/\/www.lacas.be\/wp-content\/uploads\/2025\/03\/fleurs-sechees-3-1024x713.jpg 1024w, http:\/\/www.lacas.be\/wp-content\/uploads\/2025\/03\/fleurs-sechees-3-300x209.jpg 300w, http:\/\/www.lacas.be\/wp-content\/uploads\/2025\/03\/fleurs-sechees-3-150x104.jpg 150w, http:\/\/www.lacas.be\/wp-content\/uploads\/2025\/03\/fleurs-sechees-3-768x534.jpg 768w, http:\/\/www.lacas.be\/wp-content\/uploads\/2025\/03\/fleurs-sechees-3-431x300.jpg 431w, http:\/\/www.lacas.be\/wp-content\/uploads\/2025\/03\/fleurs-sechees-3.jpg 1289w\" sizes=\"auto, (max-width: 1024px) 100vw, 1024px\" \/><\/figure>\n\n\n\n<figure class=\"wp-block-image size-full\"><img loading=\"lazy\" decoding=\"async\" width=\"725\" height=\"888\" src=\"http:\/\/www.lacas.be\/wp-content\/uploads\/2025\/03\/fleurs-sechees-4.jpg\" alt=\"\" class=\"wp-image-8122\" srcset=\"http:\/\/www.lacas.be\/wp-content\/uploads\/2025\/03\/fleurs-sechees-4.jpg 725w, http:\/\/www.lacas.be\/wp-content\/uploads\/2025\/03\/fleurs-sechees-4-245x300.jpg 245w, http:\/\/www.lacas.be\/wp-content\/uploads\/2025\/03\/fleurs-sechees-4-122x150.jpg 122w\" sizes=\"auto, (max-width: 725px) 100vw, 725px\" \/><\/figure>\n\n\n\n<figure class=\"wp-block-image size-large\"><img loading=\"lazy\" decoding=\"async\" width=\"857\" height=\"1024\" src=\"http:\/\/www.lacas.be\/wp-content\/uploads\/2025\/03\/fleurs-sechees-5-857x1024.jpg\" alt=\"\" class=\"wp-image-8123\" srcset=\"http:\/\/www.lacas.be\/wp-content\/uploads\/2025\/03\/fleurs-sechees-5-857x1024.jpg 857w, http:\/\/www.lacas.be\/wp-content\/uploads\/2025\/03\/fleurs-sechees-5-251x300.jpg 251w, http:\/\/www.lacas.be\/wp-content\/uploads\/2025\/03\/fleurs-sechees-5-125x150.jpg 125w, http:\/\/www.lacas.be\/wp-content\/uploads\/2025\/03\/fleurs-sechees-5-768x918.jpg 768w, http:\/\/www.lacas.be\/wp-content\/uploads\/2025\/03\/fleurs-sechees-5.jpg 921w\" sizes=\"auto, (max-width: 857px) 100vw, 857px\" \/><\/figure>\n\n\n\n<figure class=\"wp-block-image size-large\"><img loading=\"lazy\" decoding=\"async\" width=\"854\" height=\"1024\" src=\"http:\/\/www.lacas.be\/wp-content\/uploads\/2025\/03\/fleurs-sechees-6-854x1024.jpg\" alt=\"\" class=\"wp-image-8124\" srcset=\"http:\/\/www.lacas.be\/wp-content\/uploads\/2025\/03\/fleurs-sechees-6-854x1024.jpg 854w, http:\/\/www.lacas.be\/wp-content\/uploads\/2025\/03\/fleurs-sechees-6-250x300.jpg 250w, http:\/\/www.lacas.be\/wp-content\/uploads\/2025\/03\/fleurs-sechees-6-125x150.jpg 125w, http:\/\/www.lacas.be\/wp-content\/uploads\/2025\/03\/fleurs-sechees-6-768x921.jpg 768w, http:\/\/www.lacas.be\/wp-content\/uploads\/2025\/03\/fleurs-sechees-6.jpg 921w\" sizes=\"auto, (max-width: 854px) 100vw, 854px\" \/><\/figure>\n\n\n\n<figure class=\"wp-block-image size-large\"><img loading=\"lazy\" decoding=\"async\" width=\"1024\" height=\"494\" src=\"http:\/\/www.lacas.be\/wp-content\/uploads\/2025\/03\/fleurs-sechees-7-1024x494.jpg\" alt=\"\" class=\"wp-image-8125\" srcset=\"http:\/\/www.lacas.be\/wp-content\/uploads\/2025\/03\/fleurs-sechees-7-1024x494.jpg 1024w, http:\/\/www.lacas.be\/wp-content\/uploads\/2025\/03\/fleurs-sechees-7-300x145.jpg 300w, http:\/\/www.lacas.be\/wp-content\/uploads\/2025\/03\/fleurs-sechees-7-150x72.jpg 150w, http:\/\/www.lacas.be\/wp-content\/uploads\/2025\/03\/fleurs-sechees-7-768x370.jpg 768w, http:\/\/www.lacas.be\/wp-content\/uploads\/2025\/03\/fleurs-sechees-7-500x241.jpg 500w, http:\/\/www.lacas.be\/wp-content\/uploads\/2025\/03\/fleurs-sechees-7.jpg 1166w\" sizes=\"auto, (max-width: 1024px) 100vw, 1024px\" \/><\/figure>\n\n\n\n<figure class=\"wp-block-image size-large\"><img loading=\"lazy\" decoding=\"async\" width=\"1024\" height=\"566\" src=\"http:\/\/www.lacas.be\/wp-content\/uploads\/2025\/03\/fleurs-sechees-8-1024x566.jpg\" alt=\"\" class=\"wp-image-8126\" srcset=\"http:\/\/www.lacas.be\/wp-content\/uploads\/2025\/03\/fleurs-sechees-8-1024x566.jpg 1024w, http:\/\/www.lacas.be\/wp-content\/uploads\/2025\/03\/fleurs-sechees-8-300x166.jpg 300w, http:\/\/www.lacas.be\/wp-content\/uploads\/2025\/03\/fleurs-sechees-8-150x83.jpg 150w, http:\/\/www.lacas.be\/wp-content\/uploads\/2025\/03\/fleurs-sechees-8-768x424.jpg 768w, http:\/\/www.lacas.be\/wp-content\/uploads\/2025\/03\/fleurs-sechees-8-500x276.jpg 500w, http:\/\/www.lacas.be\/wp-content\/uploads\/2025\/03\/fleurs-sechees-8.jpg 1142w\" sizes=\"auto, (max-width: 1024px) 100vw, 1024px\" \/><\/figure>\n\n\n\n<figure class=\"wp-block-image size-large\"><img loading=\"lazy\" decoding=\"async\" width=\"1024\" height=\"657\" src=\"http:\/\/www.lacas.be\/wp-content\/uploads\/2025\/03\/fleurs-sechees-9-1024x657.jpg\" alt=\"\" class=\"wp-image-8127\" srcset=\"http:\/\/www.lacas.be\/wp-content\/uploads\/2025\/03\/fleurs-sechees-9-1024x657.jpg 1024w, http:\/\/www.lacas.be\/wp-content\/uploads\/2025\/03\/fleurs-sechees-9-300x193.jpg 300w, http:\/\/www.lacas.be\/wp-content\/uploads\/2025\/03\/fleurs-sechees-9-150x96.jpg 150w, http:\/\/www.lacas.be\/wp-content\/uploads\/2025\/03\/fleurs-sechees-9-768x493.jpg 768w, http:\/\/www.lacas.be\/wp-content\/uploads\/2025\/03\/fleurs-sechees-9-467x300.jpg 467w, http:\/\/www.lacas.be\/wp-content\/uploads\/2025\/03\/fleurs-sechees-9.jpg 1030w\" sizes=\"auto, (max-width: 1024px) 100vw, 1024px\" \/><\/figure>\n\n\n\n<figure class=\"wp-block-image size-large\"><img loading=\"lazy\" decoding=\"async\" width=\"461\" height=\"1024\" src=\"http:\/\/www.lacas.be\/wp-content\/uploads\/2025\/03\/fleurs-sechees-10-461x1024.jpg\" alt=\"\" class=\"wp-image-8128\" srcset=\"http:\/\/www.lacas.be\/wp-content\/uploads\/2025\/03\/fleurs-sechees-10-461x1024.jpg 461w, http:\/\/www.lacas.be\/wp-content\/uploads\/2025\/03\/fleurs-sechees-10-135x300.jpg 135w, http:\/\/www.lacas.be\/wp-content\/uploads\/2025\/03\/fleurs-sechees-10-68x150.jpg 68w, http:\/\/www.lacas.be\/wp-content\/uploads\/2025\/03\/fleurs-sechees-10-691x1536.jpg 691w, http:\/\/www.lacas.be\/wp-content\/uploads\/2025\/03\/fleurs-sechees-10.jpg 738w\" sizes=\"auto, (max-width: 461px) 100vw, 461px\" \/><\/figure>\n\n\n\n<figure class=\"wp-block-image size-large\"><img loading=\"lazy\" decoding=\"async\" width=\"461\" height=\"1024\" src=\"http:\/\/www.lacas.be\/wp-content\/uploads\/2025\/03\/fleurs-sechees-11-461x1024.jpg\" alt=\"\" class=\"wp-image-8129\" srcset=\"http:\/\/www.lacas.be\/wp-content\/uploads\/2025\/03\/fleurs-sechees-11-461x1024.jpg 461w, http:\/\/www.lacas.be\/wp-content\/uploads\/2025\/03\/fleurs-sechees-11-135x300.jpg 135w, http:\/\/www.lacas.be\/wp-content\/uploads\/2025\/03\/fleurs-sechees-11-68x150.jpg 68w, http:\/\/www.lacas.be\/wp-content\/uploads\/2025\/03\/fleurs-sechees-11-691x1536.jpg 691w, http:\/\/www.lacas.be\/wp-content\/uploads\/2025\/03\/fleurs-sechees-11.jpg 738w\" sizes=\"auto, (max-width: 461px) 100vw, 461px\" \/><\/figure>\n\n\n\n<figure class=\"wp-block-image size-full\"><img loading=\"lazy\" decoding=\"async\" width=\"738\" height=\"943\" src=\"http:\/\/www.lacas.be\/wp-content\/uploads\/2025\/03\/fleurs-sechees-12.jpg\" alt=\"\" class=\"wp-image-8130\" srcset=\"http:\/\/www.lacas.be\/wp-content\/uploads\/2025\/03\/fleurs-sechees-12.jpg 738w, http:\/\/www.lacas.be\/wp-content\/uploads\/2025\/03\/fleurs-sechees-12-235x300.jpg 235w, http:\/\/www.lacas.be\/wp-content\/uploads\/2025\/03\/fleurs-sechees-12-117x150.jpg 117w\" sizes=\"auto, (max-width: 738px) 100vw, 738px\" \/><\/figure>\n\n\n\n<figure class=\"wp-block-image size-full\"><img loading=\"lazy\" decoding=\"async\" width=\"738\" height=\"888\" src=\"http:\/\/www.lacas.be\/wp-content\/uploads\/2025\/03\/fleurs-sechees-13.jpg\" alt=\"\" class=\"wp-image-8131\" srcset=\"http:\/\/www.lacas.be\/wp-content\/uploads\/2025\/03\/fleurs-sechees-13.jpg 738w, http:\/\/www.lacas.be\/wp-content\/uploads\/2025\/03\/fleurs-sechees-13-249x300.jpg 249w, http:\/\/www.lacas.be\/wp-content\/uploads\/2025\/03\/fleurs-sechees-13-125x150.jpg 125w\" sizes=\"auto, (max-width: 738px) 100vw, 738px\" \/><\/figure>\n\n\n\n<p>A tout bient\u00f4t !!<\/p>\n\n\n\n<p><\/p>\n","protected":false},"excerpt":{"rendered":"<p>Une apr\u00e8s midi cr\u00e9ative par une belle journ\u00e9e d&rsquo;hiver ensoleill\u00e9e ! Ce qui m&rsquo;a donn\u00e9 l&rsquo;envie de r\u00e9aliser des compositions de fleurs s\u00e9ch\u00e9es aux couleurs printani\u00e8res ! J&rsquo;ai donc pass\u00e9 un certain temps \u00e0 pr\u00e9parer des r\u00e9as que je proposerai &hellip; <a href=\"http:\/\/www.lacas.be\/?p=8118\">Continuer la lecture <span class=\"meta-nav\">&rarr;<\/span><\/a><\/p>\n","protected":false},"author":1,"featured_media":0,"comment_status":"open","ping_status":"open","sticky":false,"template":"","format":"standard","meta":{"footnotes":""},"categories":[1],"tags":[],"class_list":["post-8118","post","type-post","status-publish","format-standard","hentry","category-non-classe"],"_links":{"self":[{"href":"http:\/\/www.lacas.be\/index.php?rest_route=\/wp\/v2\/posts\/8118","targetHints":{"allow":["GET"]}}],"collection":[{"href":"http:\/\/www.lacas.be\/index.php?rest_route=\/wp\/v2\/posts"}],"about":[{"href":"http:\/\/www.lacas.be\/index.php?rest_route=\/wp\/v2\/types\/post"}],"author":[{"embeddable":true,"href":"http:\/\/www.lacas.be\/index.php?rest_route=\/wp\/v2\/users\/1"}],"replies":[{"embeddable":true,"href":"http:\/\/www.lacas.be\/index.php?rest_route=%2Fwp%2Fv2%2Fcomments&post=8118"}],"version-history":[{"count":1,"href":"http:\/\/www.lacas.be\/index.php?rest_route=\/wp\/v2\/posts\/8118\/revisions"}],"predecessor-version":[{"id":8132,"href":"http:\/\/www.lacas.be\/index.php?rest_route=\/wp\/v2\/posts\/8118\/revisions\/8132"}],"wp:attachment":[{"href":"http:\/\/www.lacas.be\/index.php?rest_route=%2Fwp%2Fv2%2Fmedia&parent=8118"}],"wp:term":[{"taxonomy":"category","embeddable":true,"href":"http:\/\/www.lacas.be\/index.php?rest_route=%2Fwp%2Fv2%2Fcategories&post=8118"},{"taxonomy":"post_tag","embeddable":true,"href":"http:\/\/www.lacas.be\/index.php?rest_route=%2Fwp%2Fv2%2Ftags&post=8118"}],"curies":[{"name":"wp","href":"https:\/\/api.w.org\/{rel}","templated":true}]}}