{"id":8080,"date":"2024-04-13T13:38:25","date_gmt":"2024-04-13T13:38:25","guid":{"rendered":"http:\/\/www.lacas.be\/?p=8080"},"modified":"2024-04-13T13:38:26","modified_gmt":"2024-04-13T13:38:26","slug":"deco-boheme","status":"publish","type":"post","link":"http:\/\/www.lacas.be\/?p=8080","title":{"rendered":"D\u00e9co boh\u00e8me"},"content":{"rendered":"\n<p>Il fait beau, printanier et le soleil brille aujourd&rsquo;hui ! De quoi avoir envie de piquer quelques fleurs et\/ou v\u00e9g\u00e9taux dans mes cr\u00e9ations ! Sur un bois trouv\u00e9 dans mon jardin et poli par mes soins, j&rsquo;ai attach\u00e9 corde, raphia, ruban, laine, perles, gypsophile et eucalyptus (ces deux v\u00e9g\u00e9taux s\u00e8chent et vieillissent tr\u00e8s bien !)<\/p>\n\n\n\n<figure class=\"wp-block-image size-large is-resized\"><img loading=\"lazy\" decoding=\"async\" width=\"721\" height=\"1024\" src=\"http:\/\/www.lacas.be\/wp-content\/uploads\/2024\/04\/435827919_872402204692073_4012359189109878853_n-721x1024.jpg\" alt=\"\" class=\"wp-image-8081\" style=\"width:721px;height:auto\" srcset=\"http:\/\/www.lacas.be\/wp-content\/uploads\/2024\/04\/435827919_872402204692073_4012359189109878853_n-721x1024.jpg 721w, http:\/\/www.lacas.be\/wp-content\/uploads\/2024\/04\/435827919_872402204692073_4012359189109878853_n-211x300.jpg 211w, http:\/\/www.lacas.be\/wp-content\/uploads\/2024\/04\/435827919_872402204692073_4012359189109878853_n-106x150.jpg 106w, http:\/\/www.lacas.be\/wp-content\/uploads\/2024\/04\/435827919_872402204692073_4012359189109878853_n-768x1091.jpg 768w, http:\/\/www.lacas.be\/wp-content\/uploads\/2024\/04\/435827919_872402204692073_4012359189109878853_n.jpg 780w\" sizes=\"auto, (max-width: 721px) 100vw, 721px\" \/><\/figure>\n\n\n\n<figure class=\"wp-block-image size-large\"><img loading=\"lazy\" decoding=\"async\" width=\"683\" height=\"1024\" src=\"http:\/\/www.lacas.be\/wp-content\/uploads\/2024\/04\/438051677_950372926398455_3620836250241988848_n-683x1024.jpg\" alt=\"\" class=\"wp-image-8082\" srcset=\"http:\/\/www.lacas.be\/wp-content\/uploads\/2024\/04\/438051677_950372926398455_3620836250241988848_n-683x1024.jpg 683w, http:\/\/www.lacas.be\/wp-content\/uploads\/2024\/04\/438051677_950372926398455_3620836250241988848_n-200x300.jpg 200w, http:\/\/www.lacas.be\/wp-content\/uploads\/2024\/04\/438051677_950372926398455_3620836250241988848_n-100x150.jpg 100w, http:\/\/www.lacas.be\/wp-content\/uploads\/2024\/04\/438051677_950372926398455_3620836250241988848_n-768x1152.jpg 768w, http:\/\/www.lacas.be\/wp-content\/uploads\/2024\/04\/438051677_950372926398455_3620836250241988848_n-1024x1536.jpg 1024w, http:\/\/www.lacas.be\/wp-content\/uploads\/2024\/04\/438051677_950372926398455_3620836250241988848_n.jpg 1156w\" sizes=\"auto, (max-width: 683px) 100vw, 683px\" \/><\/figure>\n\n\n\n<p>Je pense que je vais m&rsquo;inspirer de cette cr\u00e9ation pour en faire une plus grande prochainement. Etant donn\u00e9 que ma maison n&rsquo;est pas extensible, je vends mes cr\u00e9ations ! Si cela vous int\u00e9resse, merci de me contacter en MP sur ma page FB La cinse \u00e0 scrap &amp; Cie.<\/p>\n\n\n\n<p>Beau week-end \u00e0 tous et merci d&rsquo;\u00eatre pass\u00e9 par ici !<\/p>\n","protected":false},"excerpt":{"rendered":"<p>Il fait beau, printanier et le soleil brille aujourd&rsquo;hui ! De quoi avoir envie de piquer quelques fleurs et\/ou v\u00e9g\u00e9taux dans mes cr\u00e9ations ! Sur un bois trouv\u00e9 dans mon jardin et poli par mes soins, j&rsquo;ai attach\u00e9 corde, raphia, &hellip; <a href=\"http:\/\/www.lacas.be\/?p=8080\">Continuer la lecture <span class=\"meta-nav\">&rarr;<\/span><\/a><\/p>\n","protected":false},"author":1,"featured_media":0,"comment_status":"open","ping_status":"open","sticky":false,"template":"","format":"standard","meta":{"footnotes":""},"categories":[1],"tags":[],"class_list":["post-8080","post","type-post","status-publish","format-standard","hentry","category-non-classe"],"_links":{"self":[{"href":"http:\/\/www.lacas.be\/index.php?rest_route=\/wp\/v2\/posts\/8080","targetHints":{"allow":["GET"]}}],"collection":[{"href":"http:\/\/www.lacas.be\/index.php?rest_route=\/wp\/v2\/posts"}],"about":[{"href":"http:\/\/www.lacas.be\/index.php?rest_route=\/wp\/v2\/types\/post"}],"author":[{"embeddable":true,"href":"http:\/\/www.lacas.be\/index.php?rest_route=\/wp\/v2\/users\/1"}],"replies":[{"embeddable":true,"href":"http:\/\/www.lacas.be\/index.php?rest_route=%2Fwp%2Fv2%2Fcomments&post=8080"}],"version-history":[{"count":2,"href":"http:\/\/www.lacas.be\/index.php?rest_route=\/wp\/v2\/posts\/8080\/revisions"}],"predecessor-version":[{"id":8085,"href":"http:\/\/www.lacas.be\/index.php?rest_route=\/wp\/v2\/posts\/8080\/revisions\/8085"}],"wp:attachment":[{"href":"http:\/\/www.lacas.be\/index.php?rest_route=%2Fwp%2Fv2%2Fmedia&parent=8080"}],"wp:term":[{"taxonomy":"category","embeddable":true,"href":"http:\/\/www.lacas.be\/index.php?rest_route=%2Fwp%2Fv2%2Fcategories&post=8080"},{"taxonomy":"post_tag","embeddable":true,"href":"http:\/\/www.lacas.be\/index.php?rest_route=%2Fwp%2Fv2%2Ftags&post=8080"}],"curies":[{"name":"wp","href":"https:\/\/api.w.org\/{rel}","templated":true}]}}