{"id":801,"date":"2013-08-25T15:44:32","date_gmt":"2013-08-25T15:44:32","guid":{"rendered":"http:\/\/www.lacas.be\/?p=801"},"modified":"2013-08-25T15:44:32","modified_gmt":"2013-08-25T15:44:32","slug":"coffres-peinture-et-relookage","status":"publish","type":"post","link":"http:\/\/www.lacas.be\/?p=801","title":{"rendered":"Coffres, peinture et relookage"},"content":{"rendered":"<p>Bonjour,<\/p>\n<p>Je profite d&rsquo;un dimanche frais et ennuag\u00e9 et surtout, que la t\u00e9l\u00e9distribution du coin soit en panne (de mani\u00e8re r\u00e9currente&#8230;) pour r\u00e9diger ce petit post. Deux coffres patrimoniaux font partie de ma d\u00e9co. Je les ai laiss\u00e9s dans leur jus pour l&rsquo;instant, l&rsquo;un est destin\u00e9 \u00e0 ranger mes revues et l&rsquo;autre sert de r\u00e9serve \u00e0 bois pour l&rsquo;hiver.<\/p>\n<p><a href=\"http:\/\/www.lacas.be\/wp-content\/uploads\/2013\/08\/24-08-2013-034.jpg\"><img loading=\"lazy\" decoding=\"async\" class=\"size-medium wp-image-810 alignleft\" alt=\"24-08-2013 034\" src=\"http:\/\/www.lacas.be\/wp-content\/uploads\/2013\/08\/24-08-2013-034-300x200.jpg\" width=\"300\" height=\"200\" srcset=\"http:\/\/www.lacas.be\/wp-content\/uploads\/2013\/08\/24-08-2013-034-300x200.jpg 300w, http:\/\/www.lacas.be\/wp-content\/uploads\/2013\/08\/24-08-2013-034-1024x685.jpg 1024w\" sizes=\"auto, (max-width: 300px) 100vw, 300px\" \/><\/a><a href=\"http:\/\/www.lacas.be\/wp-content\/uploads\/2013\/08\/24-08-2013-035.jpg\"><img loading=\"lazy\" decoding=\"async\" class=\"size-medium wp-image-806 alignnone\" alt=\"24-08-2013 035\" src=\"http:\/\/www.lacas.be\/wp-content\/uploads\/2013\/08\/24-08-2013-035-300x200.jpg\" width=\"300\" height=\"200\" srcset=\"http:\/\/www.lacas.be\/wp-content\/uploads\/2013\/08\/24-08-2013-035-300x200.jpg 300w, http:\/\/www.lacas.be\/wp-content\/uploads\/2013\/08\/24-08-2013-035-1024x685.jpg 1024w\" sizes=\"auto, (max-width: 300px) 100vw, 300px\" \/><\/a><\/p>\n<p style=\"text-align: left;\"><a href=\"http:\/\/www.lacas.be\/wp-content\/uploads\/2013\/08\/24-08-2013-037.jpg\"><img loading=\"lazy\" decoding=\"async\" class=\"size-medium wp-image-807\" alt=\"24-08-2013 037\" src=\"http:\/\/www.lacas.be\/wp-content\/uploads\/2013\/08\/24-08-2013-037-300x200.jpg\" width=\"300\" height=\"200\" srcset=\"http:\/\/www.lacas.be\/wp-content\/uploads\/2013\/08\/24-08-2013-037-300x200.jpg 300w, http:\/\/www.lacas.be\/wp-content\/uploads\/2013\/08\/24-08-2013-037-1024x685.jpg 1024w\" sizes=\"auto, (max-width: 300px) 100vw, 300px\" \/><\/a><a href=\"http:\/\/www.lacas.be\/wp-content\/uploads\/2013\/08\/24-08-2013-039.jpg\"><img loading=\"lazy\" decoding=\"async\" class=\"size-medium wp-image-804 alignright\" alt=\"24-08-2013 039\" src=\"http:\/\/www.lacas.be\/wp-content\/uploads\/2013\/08\/24-08-2013-039-300x200.jpg\" width=\"300\" height=\"200\" srcset=\"http:\/\/www.lacas.be\/wp-content\/uploads\/2013\/08\/24-08-2013-039-300x200.jpg 300w, http:\/\/www.lacas.be\/wp-content\/uploads\/2013\/08\/24-08-2013-039-1024x685.jpg 1024w\" sizes=\"auto, (max-width: 300px) 100vw, 300px\" \/><\/a><\/p>\n<p style=\"text-align: left;\">De vieux outils-\u00a0 authentiques antiquit\u00e9s \u00ab\u00a0familiales\u00a0\u00bb &#8211; ont \u00e9t\u00e9 dispos\u00e9s sur le bord pour les mettre en valeur.<\/p>\n<p style=\"text-align: left;\">Pendant que notre prog\u00e9niture s&rsquo;essaye \u00e0 la peinture, non sans un certain talent d&rsquo;ailleurs,<\/p>\n<p style=\"text-align: left;\"><a href=\"http:\/\/www.lacas.be\/wp-content\/uploads\/2013\/08\/24-08-2013-041.jpg\"><img loading=\"lazy\" decoding=\"async\" class=\"aligncenter size-large wp-image-809\" alt=\"24-08-2013 041\" src=\"http:\/\/www.lacas.be\/wp-content\/uploads\/2013\/08\/24-08-2013-041-685x1024.jpg\" width=\"640\" height=\"956\" srcset=\"http:\/\/www.lacas.be\/wp-content\/uploads\/2013\/08\/24-08-2013-041-685x1024.jpg 685w, http:\/\/www.lacas.be\/wp-content\/uploads\/2013\/08\/24-08-2013-041-200x300.jpg 200w\" sizes=\"auto, (max-width: 640px) 100vw, 640px\" \/><\/a>nous relookons une vieille armoire en bois, elle aussi patrimoniale, qui dormait au grenier et qui reprendra une nouvelle vie.\u00a0 Voici un \u00ab\u00a0avant\u00a0\u00bb, photo prise in extremis avant la premi\u00e8re sous-couche.<\/p>\n<p style=\"text-align: left;\"><a href=\"http:\/\/www.lacas.be\/wp-content\/uploads\/2013\/08\/24-08-2013-031.jpg\"><img loading=\"lazy\" decoding=\"async\" class=\"aligncenter size-large wp-image-803\" alt=\"24-08-2013 031\" src=\"http:\/\/www.lacas.be\/wp-content\/uploads\/2013\/08\/24-08-2013-031-685x1024.jpg\" width=\"640\" height=\"956\" srcset=\"http:\/\/www.lacas.be\/wp-content\/uploads\/2013\/08\/24-08-2013-031-685x1024.jpg 685w, http:\/\/www.lacas.be\/wp-content\/uploads\/2013\/08\/24-08-2013-031-200x300.jpg 200w\" sizes=\"auto, (max-width: 640px) 100vw, 640px\" \/><\/a>Elle contiendra mes tissus et une partie du mat\u00e9riel de bricolage qui encombrent mes placards ! Cette armoire colonne assez \u00e9troite s&rsquo;ajustera parfaitement \u00e0 l&rsquo;endroit qui lui sera allou\u00e9, j&rsquo;aurais voulu le faire expr\u00e8s que je n&rsquo;y serais pas arriv\u00e9e !! Et dire que j&rsquo;avais d\u00e9j\u00e0 consult\u00e9 le catalogue du su\u00e9dois en oubliant que je disposais d\u00e9j\u00e0 du meuble ad hoc, moyennant modernisation. Photo du relookage quand il sera termin\u00e9 &#8230; assez rapidement, je pense car j&rsquo;ai h\u00e2te d&rsquo;y ranger mes \u00ab\u00a0bricoles\u00a0\u00bb !<\/p>\n<p>\u00a0Une derni\u00e8re petite r\u00e9flexion avant de vous quitter &#8230; En revoyant mes images du blog, je m&rsquo;aper\u00e7ois que finalement, la plupart de nos \u00e9l\u00e9ments \u00ab\u00a0d\u00e9co\u00a0\u00bb proviennent de la famille &#8230; et il y a encore quelques \u00ab\u00a0tr\u00e9sors\u00a0\u00bb du m\u00eame acabit dans les recoins de la maison qui ne demandent qu&rsquo;\u00e0 \u00eatre valoris\u00e9s !!<\/p>\n<p>Passez une belle semaine avant la rentr\u00e9e.<\/p>\n<p>&nbsp;<\/p>\n","protected":false},"excerpt":{"rendered":"<p>Bonjour, Je profite d&rsquo;un dimanche frais et ennuag\u00e9 et surtout, que la t\u00e9l\u00e9distribution du coin soit en panne (de mani\u00e8re r\u00e9currente&#8230;) pour r\u00e9diger ce petit post. Deux coffres patrimoniaux font partie de ma d\u00e9co. Je les ai laiss\u00e9s dans leur &hellip; <a href=\"http:\/\/www.lacas.be\/?p=801\">Continuer la lecture <span class=\"meta-nav\">&rarr;<\/span><\/a><\/p>\n","protected":false},"author":1,"featured_media":0,"comment_status":"open","ping_status":"open","sticky":false,"template":"","format":"standard","meta":{"footnotes":""},"categories":[1],"tags":[],"class_list":["post-801","post","type-post","status-publish","format-standard","hentry","category-non-classe"],"_links":{"self":[{"href":"http:\/\/www.lacas.be\/index.php?rest_route=\/wp\/v2\/posts\/801","targetHints":{"allow":["GET"]}}],"collection":[{"href":"http:\/\/www.lacas.be\/index.php?rest_route=\/wp\/v2\/posts"}],"about":[{"href":"http:\/\/www.lacas.be\/index.php?rest_route=\/wp\/v2\/types\/post"}],"author":[{"embeddable":true,"href":"http:\/\/www.lacas.be\/index.php?rest_route=\/wp\/v2\/users\/1"}],"replies":[{"embeddable":true,"href":"http:\/\/www.lacas.be\/index.php?rest_route=%2Fwp%2Fv2%2Fcomments&post=801"}],"version-history":[{"count":4,"href":"http:\/\/www.lacas.be\/index.php?rest_route=\/wp\/v2\/posts\/801\/revisions"}],"predecessor-version":[{"id":814,"href":"http:\/\/www.lacas.be\/index.php?rest_route=\/wp\/v2\/posts\/801\/revisions\/814"}],"wp:attachment":[{"href":"http:\/\/www.lacas.be\/index.php?rest_route=%2Fwp%2Fv2%2Fmedia&parent=801"}],"wp:term":[{"taxonomy":"category","embeddable":true,"href":"http:\/\/www.lacas.be\/index.php?rest_route=%2Fwp%2Fv2%2Fcategories&post=801"},{"taxonomy":"post_tag","embeddable":true,"href":"http:\/\/www.lacas.be\/index.php?rest_route=%2Fwp%2Fv2%2Ftags&post=801"}],"curies":[{"name":"wp","href":"https:\/\/api.w.org\/{rel}","templated":true}]}}