{"id":784,"date":"2013-08-18T17:48:37","date_gmt":"2013-08-18T17:48:37","guid":{"rendered":"http:\/\/www.lacas.be\/?p=784"},"modified":"2013-08-18T17:48:37","modified_gmt":"2013-08-18T17:48:37","slug":"pochoirs-en-zinc-et-fin-dete","status":"publish","type":"post","link":"http:\/\/www.lacas.be\/?p=784","title":{"rendered":"Pochoirs en zinc et fin d&rsquo;\u00e9t\u00e9"},"content":{"rendered":"<p>Bonjour \u00e0 tous et toutes,<\/p>\n<p>Ca y est, mes cong\u00e9s d&rsquo;\u00e9t\u00e9 sont \u00e0 pr\u00e9sent d\u00e9finitivement et irr\u00e9m\u00e9diablement consomm\u00e9s. La brocante dominicale sous les averses a \u00e9t\u00e9 fructueuse, j&rsquo;ai d\u00e9nich\u00e9 des pochoirs alphab\u00e9tiques et num\u00e9riques en zinc, assez anciens, ils ont servi, c&rsquo;est s\u00fbr !! Cela faisait longtemps que j&rsquo;en cherchais et j&rsquo;ai eu la chance d&rsquo;en trouver pour une somme tr\u00e8s modique. Ici, un exemple avec l&rsquo;esperluette qui accompagnait le \u00ab\u00a0pack\u00a0\u00bb :<\/p>\n<p><a href=\"http:\/\/www.lacas.be\/wp-content\/uploads\/2013\/08\/18-08-2013-075.jpg\"><img loading=\"lazy\" decoding=\"async\" class=\"aligncenter size-large wp-image-790\" alt=\"18-08-2013 075\" src=\"http:\/\/www.lacas.be\/wp-content\/uploads\/2013\/08\/18-08-2013-075-1024x685.jpg\" width=\"640\" height=\"428\" srcset=\"http:\/\/www.lacas.be\/wp-content\/uploads\/2013\/08\/18-08-2013-075-1024x685.jpg 1024w, http:\/\/www.lacas.be\/wp-content\/uploads\/2013\/08\/18-08-2013-075-300x200.jpg 300w\" sizes=\"auto, (max-width: 640px) 100vw, 640px\" \/><\/a>Sur les 6 jeux de lettre de taille diff\u00e9rente, 4 sont complets &#8230; et je ne d\u00e9sesp\u00e8re pas de retrouver les 5 autres lettres manquantes des deux autres jeux, le vendeur ayant promis de regarder plus avant dans ses caisses &#8230;.<a href=\"http:\/\/www.lacas.be\/wp-content\/uploads\/2013\/08\/18-08-2013-074.jpg\"><img loading=\"lazy\" decoding=\"async\" class=\"size-thumbnail wp-image-788 alignright\" alt=\"18-08-2013 074\" src=\"http:\/\/www.lacas.be\/wp-content\/uploads\/2013\/08\/18-08-2013-074-150x150.jpg\" width=\"150\" height=\"150\" \/><\/a> Il m&rsquo;a fallu quand m\u00eame un peu de temps pour trier le tout achet\u00e9 en vrac !<\/p>\n<p>J&rsquo;ai \u00e9galement \u00ab\u00a0h\u00e9rit\u00e9\u00a0\u00bb de deux taies d&rsquo;oreiller de famille, monogramm\u00e9es et garnies de crochet au filet, le tout fait main par une de mes grandes tantes.<\/p>\n<p>Ci-dessous les d\u00e9tails :<\/p>\n<p><a href=\"http:\/\/www.lacas.be\/wp-content\/uploads\/2013\/08\/18-08-2013-066.jpg\"><img loading=\"lazy\" decoding=\"async\" class=\"aligncenter size-large wp-image-791\" alt=\"18-08-2013 066\" src=\"http:\/\/www.lacas.be\/wp-content\/uploads\/2013\/08\/18-08-2013-066-685x1024.jpg\" width=\"640\" height=\"956\" srcset=\"http:\/\/www.lacas.be\/wp-content\/uploads\/2013\/08\/18-08-2013-066-685x1024.jpg 685w, http:\/\/www.lacas.be\/wp-content\/uploads\/2013\/08\/18-08-2013-066-200x300.jpg 200w\" sizes=\"auto, (max-width: 640px) 100vw, 640px\" \/><\/a> <a href=\"http:\/\/www.lacas.be\/wp-content\/uploads\/2013\/08\/18-08-2013-068.jpg\"><img loading=\"lazy\" decoding=\"async\" class=\"aligncenter size-large wp-image-793\" alt=\"18-08-2013 068\" src=\"http:\/\/www.lacas.be\/wp-content\/uploads\/2013\/08\/18-08-2013-068-685x1024.jpg\" width=\"640\" height=\"956\" srcset=\"http:\/\/www.lacas.be\/wp-content\/uploads\/2013\/08\/18-08-2013-068-685x1024.jpg 685w, http:\/\/www.lacas.be\/wp-content\/uploads\/2013\/08\/18-08-2013-068-200x300.jpg 200w\" sizes=\"auto, (max-width: 640px) 100vw, 640px\" \/><\/a> Et enfin, ma modeste production locale de lavande de 2013 qui fleure bon dans la cuisine :<\/p>\n<p><a href=\"http:\/\/www.lacas.be\/wp-content\/uploads\/2013\/08\/18-08-2013-064.jpg\"><img loading=\"lazy\" decoding=\"async\" class=\"aligncenter size-medium wp-image-789\" alt=\"18-08-2013 064\" src=\"http:\/\/www.lacas.be\/wp-content\/uploads\/2013\/08\/18-08-2013-064-200x300.jpg\" width=\"200\" height=\"300\" srcset=\"http:\/\/www.lacas.be\/wp-content\/uploads\/2013\/08\/18-08-2013-064-200x300.jpg 200w, http:\/\/www.lacas.be\/wp-content\/uploads\/2013\/08\/18-08-2013-064-685x1024.jpg 685w\" sizes=\"auto, (max-width: 200px) 100vw, 200px\" \/><\/a>J&rsquo;en apporterai quelques brins au bureau, histoire de parfumer agr\u00e9ablement ma surface de travail.<\/p>\n<p>Au niveau broderie, crochet et compagnie, pas de grandes r\u00e9alisations cet \u00e9t\u00e9. Un prochain post vous d\u00e9taillera les \u00ab\u00a0en cours\u00a0\u00bb qui seront finalis\u00e9s.<\/p>\n<p>A bient\u00f4t.<\/p>\n<p>&nbsp;<\/p>\n","protected":false},"excerpt":{"rendered":"<p>Bonjour \u00e0 tous et toutes, Ca y est, mes cong\u00e9s d&rsquo;\u00e9t\u00e9 sont \u00e0 pr\u00e9sent d\u00e9finitivement et irr\u00e9m\u00e9diablement consomm\u00e9s. La brocante dominicale sous les averses a \u00e9t\u00e9 fructueuse, j&rsquo;ai d\u00e9nich\u00e9 des pochoirs alphab\u00e9tiques et num\u00e9riques en zinc, assez anciens, ils ont &hellip; <a href=\"http:\/\/www.lacas.be\/?p=784\">Continuer la lecture <span class=\"meta-nav\">&rarr;<\/span><\/a><\/p>\n","protected":false},"author":1,"featured_media":0,"comment_status":"open","ping_status":"open","sticky":false,"template":"","format":"standard","meta":{"footnotes":""},"categories":[1],"tags":[],"class_list":["post-784","post","type-post","status-publish","format-standard","hentry","category-non-classe"],"_links":{"self":[{"href":"http:\/\/www.lacas.be\/index.php?rest_route=\/wp\/v2\/posts\/784","targetHints":{"allow":["GET"]}}],"collection":[{"href":"http:\/\/www.lacas.be\/index.php?rest_route=\/wp\/v2\/posts"}],"about":[{"href":"http:\/\/www.lacas.be\/index.php?rest_route=\/wp\/v2\/types\/post"}],"author":[{"embeddable":true,"href":"http:\/\/www.lacas.be\/index.php?rest_route=\/wp\/v2\/users\/1"}],"replies":[{"embeddable":true,"href":"http:\/\/www.lacas.be\/index.php?rest_route=%2Fwp%2Fv2%2Fcomments&post=784"}],"version-history":[{"count":5,"href":"http:\/\/www.lacas.be\/index.php?rest_route=\/wp\/v2\/posts\/784\/revisions"}],"predecessor-version":[{"id":799,"href":"http:\/\/www.lacas.be\/index.php?rest_route=\/wp\/v2\/posts\/784\/revisions\/799"}],"wp:attachment":[{"href":"http:\/\/www.lacas.be\/index.php?rest_route=%2Fwp%2Fv2%2Fmedia&parent=784"}],"wp:term":[{"taxonomy":"category","embeddable":true,"href":"http:\/\/www.lacas.be\/index.php?rest_route=%2Fwp%2Fv2%2Fcategories&post=784"},{"taxonomy":"post_tag","embeddable":true,"href":"http:\/\/www.lacas.be\/index.php?rest_route=%2Fwp%2Fv2%2Ftags&post=784"}],"curies":[{"name":"wp","href":"https:\/\/api.w.org\/{rel}","templated":true}]}}