{"id":7803,"date":"2022-01-30T17:41:42","date_gmt":"2022-01-30T17:41:42","guid":{"rendered":"http:\/\/www.lacas.be\/?p=7803"},"modified":"2022-01-30T17:41:54","modified_gmt":"2022-01-30T17:41:54","slug":"de-laquarelle-dans-mon-journal-dart","status":"publish","type":"post","link":"http:\/\/www.lacas.be\/?p=7803","title":{"rendered":"De l&rsquo;aquarelle dans mon journal d&rsquo;art"},"content":{"rendered":"\n<p>Tr\u00e8s inspir\u00e9e par les vid\u00e9os de Suzanne Rose Art, je me suis essay\u00e9e \u00e0 l&rsquo;aquarelle ! que du bonheur \u00e0 r\u00e9aliser dans un carnet cr\u00e9atif. J&rsquo;aime beaucoup les couleurs pastels mais qui restent n\u00e9anmoins assez lumineuses et \u00ab\u00a0vibrantes\u00a0\u00bb.<\/p>\n\n\n\n<figure class=\"wp-block-image size-full\"><img loading=\"lazy\" decoding=\"async\" width=\"651\" height=\"867\" src=\"http:\/\/www.lacas.be\/wp-content\/uploads\/2022\/01\/272188641_700003334491494_4320985151841140532_n-1.jpg\" alt=\"\" class=\"wp-image-7792\" srcset=\"http:\/\/www.lacas.be\/wp-content\/uploads\/2022\/01\/272188641_700003334491494_4320985151841140532_n-1.jpg 651w, http:\/\/www.lacas.be\/wp-content\/uploads\/2022\/01\/272188641_700003334491494_4320985151841140532_n-1-225x300.jpg 225w, http:\/\/www.lacas.be\/wp-content\/uploads\/2022\/01\/272188641_700003334491494_4320985151841140532_n-1-113x150.jpg 113w\" sizes=\"auto, (max-width: 651px) 100vw, 651px\" \/><\/figure>\n\n\n\n<p>Ce n&rsquo;est pas difficile \u00e0 r\u00e9aliser. Il suffit de dessiner quelques carr\u00e9s de diff\u00e9rentes couleurs, puis d&rsquo;y tamponner du texte ou des motifs, on peut aussi dessiner \u00e0 main lev\u00e9e, ins\u00e9rer des photos ou des embellissements. Bref, c&rsquo;est vraiment un appel \u00e0 l&rsquo;imagination et \u00e0 la cr\u00e9ativit\u00e9 !<\/p>\n\n\n\n<figure class=\"wp-block-image size-full\"><img loading=\"lazy\" decoding=\"async\" width=\"651\" height=\"867\" src=\"http:\/\/www.lacas.be\/wp-content\/uploads\/2022\/01\/272672271_656554235546228_2069409661108662828_n.jpg\" alt=\"\" class=\"wp-image-7786\" srcset=\"http:\/\/www.lacas.be\/wp-content\/uploads\/2022\/01\/272672271_656554235546228_2069409661108662828_n.jpg 651w, http:\/\/www.lacas.be\/wp-content\/uploads\/2022\/01\/272672271_656554235546228_2069409661108662828_n-225x300.jpg 225w, http:\/\/www.lacas.be\/wp-content\/uploads\/2022\/01\/272672271_656554235546228_2069409661108662828_n-113x150.jpg 113w\" sizes=\"auto, (max-width: 651px) 100vw, 651px\" \/><\/figure>\n\n\n\n<p>A tr\u00e8s bient\u00f4t !<\/p>\n","protected":false},"excerpt":{"rendered":"<p>Tr\u00e8s inspir\u00e9e par les vid\u00e9os de Suzanne Rose Art, je me suis essay\u00e9e \u00e0 l&rsquo;aquarelle ! que du bonheur \u00e0 r\u00e9aliser dans un carnet cr\u00e9atif. J&rsquo;aime beaucoup les couleurs pastels mais qui restent n\u00e9anmoins assez lumineuses et \u00ab\u00a0vibrantes\u00a0\u00bb. Ce n&rsquo;est &hellip; <a href=\"http:\/\/www.lacas.be\/?p=7803\">Continuer la lecture <span class=\"meta-nav\">&rarr;<\/span><\/a><\/p>\n","protected":false},"author":1,"featured_media":0,"comment_status":"open","ping_status":"open","sticky":false,"template":"","format":"standard","meta":{"footnotes":""},"categories":[1],"tags":[],"class_list":["post-7803","post","type-post","status-publish","format-standard","hentry","category-non-classe"],"_links":{"self":[{"href":"http:\/\/www.lacas.be\/index.php?rest_route=\/wp\/v2\/posts\/7803","targetHints":{"allow":["GET"]}}],"collection":[{"href":"http:\/\/www.lacas.be\/index.php?rest_route=\/wp\/v2\/posts"}],"about":[{"href":"http:\/\/www.lacas.be\/index.php?rest_route=\/wp\/v2\/types\/post"}],"author":[{"embeddable":true,"href":"http:\/\/www.lacas.be\/index.php?rest_route=\/wp\/v2\/users\/1"}],"replies":[{"embeddable":true,"href":"http:\/\/www.lacas.be\/index.php?rest_route=%2Fwp%2Fv2%2Fcomments&post=7803"}],"version-history":[{"count":4,"href":"http:\/\/www.lacas.be\/index.php?rest_route=\/wp\/v2\/posts\/7803\/revisions"}],"predecessor-version":[{"id":7807,"href":"http:\/\/www.lacas.be\/index.php?rest_route=\/wp\/v2\/posts\/7803\/revisions\/7807"}],"wp:attachment":[{"href":"http:\/\/www.lacas.be\/index.php?rest_route=%2Fwp%2Fv2%2Fmedia&parent=7803"}],"wp:term":[{"taxonomy":"category","embeddable":true,"href":"http:\/\/www.lacas.be\/index.php?rest_route=%2Fwp%2Fv2%2Fcategories&post=7803"},{"taxonomy":"post_tag","embeddable":true,"href":"http:\/\/www.lacas.be\/index.php?rest_route=%2Fwp%2Fv2%2Ftags&post=7803"}],"curies":[{"name":"wp","href":"https:\/\/api.w.org\/{rel}","templated":true}]}}