{"id":7764,"date":"2021-12-15T15:20:07","date_gmt":"2021-12-15T15:20:07","guid":{"rendered":"http:\/\/www.lacas.be\/?p=7764"},"modified":"2021-12-15T15:21:48","modified_gmt":"2021-12-15T15:21:48","slug":"deco-de-noel","status":"publish","type":"post","link":"http:\/\/www.lacas.be\/?p=7764","title":{"rendered":"D\u00e9co de No\u00ebl"},"content":{"rendered":"\n<p>Cela fait bien longtemps que je n&rsquo;ai post\u00e9 ici ! Entre le boulot, le baby sitting et quelques travaux dans la maison, je n&rsquo;ai gu\u00e8re eu le temps de poster quoi que ce soit ! Voici une petite r\u00e9alisation d\u00e9co pour No\u00ebl vite faite et qui fait cependant son effet !<\/p>\n\n\n\n<figure class=\"wp-block-image size-large\"><img loading=\"lazy\" decoding=\"async\" width=\"769\" height=\"1024\" src=\"http:\/\/www.lacas.be\/wp-content\/uploads\/2021\/12\/265575408_295737229229380_5617954211626138460_n-769x1024.jpg\" alt=\"\" class=\"wp-image-7766\" srcset=\"http:\/\/www.lacas.be\/wp-content\/uploads\/2021\/12\/265575408_295737229229380_5617954211626138460_n-769x1024.jpg 769w, http:\/\/www.lacas.be\/wp-content\/uploads\/2021\/12\/265575408_295737229229380_5617954211626138460_n-225x300.jpg 225w, http:\/\/www.lacas.be\/wp-content\/uploads\/2021\/12\/265575408_295737229229380_5617954211626138460_n-113x150.jpg 113w, http:\/\/www.lacas.be\/wp-content\/uploads\/2021\/12\/265575408_295737229229380_5617954211626138460_n-768x1023.jpg 768w, http:\/\/www.lacas.be\/wp-content\/uploads\/2021\/12\/265575408_295737229229380_5617954211626138460_n-1153x1536.jpg 1153w, http:\/\/www.lacas.be\/wp-content\/uploads\/2021\/12\/265575408_295737229229380_5617954211626138460_n.jpg 1302w\" sizes=\"auto, (max-width: 769px) 100vw, 769px\" \/><\/figure>\n\n\n\n<p>Un cercle en bois \u00e0 broder, du papier design et des pinces \u00e0 linge plus quelques embellissements pour le centre et hop, le tour est jou\u00e9 !<\/p>\n\n\n\n<figure class=\"wp-block-image size-large\"><img loading=\"lazy\" decoding=\"async\" width=\"769\" height=\"1024\" src=\"http:\/\/www.lacas.be\/wp-content\/uploads\/2021\/12\/266218424_943676959910089_6771435213595704951_n-1-769x1024.jpg\" alt=\"\" class=\"wp-image-7767\" srcset=\"http:\/\/www.lacas.be\/wp-content\/uploads\/2021\/12\/266218424_943676959910089_6771435213595704951_n-1-769x1024.jpg 769w, http:\/\/www.lacas.be\/wp-content\/uploads\/2021\/12\/266218424_943676959910089_6771435213595704951_n-1-225x300.jpg 225w, http:\/\/www.lacas.be\/wp-content\/uploads\/2021\/12\/266218424_943676959910089_6771435213595704951_n-1-113x150.jpg 113w, http:\/\/www.lacas.be\/wp-content\/uploads\/2021\/12\/266218424_943676959910089_6771435213595704951_n-1-768x1023.jpg 768w, http:\/\/www.lacas.be\/wp-content\/uploads\/2021\/12\/266218424_943676959910089_6771435213595704951_n-1-1153x1536.jpg 1153w, http:\/\/www.lacas.be\/wp-content\/uploads\/2021\/12\/266218424_943676959910089_6771435213595704951_n-1.jpg 1302w\" sizes=\"auto, (max-width: 769px) 100vw, 769px\" \/><\/figure>\n\n\n\n<p>Cette d\u00e9co peut \u00eatre suspendue gr\u00e2ce \u00e0 un ruban mais pour l&rsquo;instant, elle a pris ses quartiers sur mon buffet et s&rsquo;y trouve bien ! Je pr\u00e9cise aussi que c&rsquo;est sur internet que j&rsquo;ai vu ce type de r\u00e9alisation mais j&rsquo;ai oubli\u00e9 o\u00f9 et qui ! Si une personne s&rsquo;y reconna\u00eet, merci de me le signaler et je modifierai ce post en cons\u00e9quence. A tr\u00e8s bient\u00f4t !<\/p>\n","protected":false},"excerpt":{"rendered":"<p>Cela fait bien longtemps que je n&rsquo;ai post\u00e9 ici ! Entre le boulot, le baby sitting et quelques travaux dans la maison, je n&rsquo;ai gu\u00e8re eu le temps de poster quoi que ce soit ! Voici une petite r\u00e9alisation d\u00e9co &hellip; <a href=\"http:\/\/www.lacas.be\/?p=7764\">Continuer la lecture <span class=\"meta-nav\">&rarr;<\/span><\/a><\/p>\n","protected":false},"author":1,"featured_media":0,"comment_status":"open","ping_status":"open","sticky":false,"template":"","format":"standard","meta":{"footnotes":""},"categories":[1],"tags":[],"class_list":["post-7764","post","type-post","status-publish","format-standard","hentry","category-non-classe"],"_links":{"self":[{"href":"http:\/\/www.lacas.be\/index.php?rest_route=\/wp\/v2\/posts\/7764","targetHints":{"allow":["GET"]}}],"collection":[{"href":"http:\/\/www.lacas.be\/index.php?rest_route=\/wp\/v2\/posts"}],"about":[{"href":"http:\/\/www.lacas.be\/index.php?rest_route=\/wp\/v2\/types\/post"}],"author":[{"embeddable":true,"href":"http:\/\/www.lacas.be\/index.php?rest_route=\/wp\/v2\/users\/1"}],"replies":[{"embeddable":true,"href":"http:\/\/www.lacas.be\/index.php?rest_route=%2Fwp%2Fv2%2Fcomments&post=7764"}],"version-history":[{"count":3,"href":"http:\/\/www.lacas.be\/index.php?rest_route=\/wp\/v2\/posts\/7764\/revisions"}],"predecessor-version":[{"id":7771,"href":"http:\/\/www.lacas.be\/index.php?rest_route=\/wp\/v2\/posts\/7764\/revisions\/7771"}],"wp:attachment":[{"href":"http:\/\/www.lacas.be\/index.php?rest_route=%2Fwp%2Fv2%2Fmedia&parent=7764"}],"wp:term":[{"taxonomy":"category","embeddable":true,"href":"http:\/\/www.lacas.be\/index.php?rest_route=%2Fwp%2Fv2%2Fcategories&post=7764"},{"taxonomy":"post_tag","embeddable":true,"href":"http:\/\/www.lacas.be\/index.php?rest_route=%2Fwp%2Fv2%2Ftags&post=7764"}],"curies":[{"name":"wp","href":"https:\/\/api.w.org\/{rel}","templated":true}]}}