{"id":7655,"date":"2021-02-21T17:53:12","date_gmt":"2021-02-21T17:53:12","guid":{"rendered":"http:\/\/www.lacas.be\/?p=7655"},"modified":"2021-02-21T17:53:13","modified_gmt":"2021-02-21T17:53:13","slug":"carnet-creatif-2","status":"publish","type":"post","link":"http:\/\/www.lacas.be\/?p=7655","title":{"rendered":"Carnet cr\u00e9atif (2)"},"content":{"rendered":"\n<p>Fonds \u00e0 la gell press, collage, d\u00e9coupage, tamponnage, doodling &#8230; voici une autre page de mon carnet cr\u00e9atif r\u00e9alis\u00e9e en plusieurs \u00e9tapes. J&rsquo;aime bien faire mes fonds de page, puis les laisser reposer pour y revenir plus tard !<\/p>\n\n\n\n<figure class=\"wp-block-image size-large\"><img loading=\"lazy\" decoding=\"async\" width=\"600\" height=\"463\" src=\"http:\/\/www.lacas.be\/wp-content\/uploads\/2021\/02\/art-journal-1.jpg\" alt=\"\" class=\"wp-image-7656\" srcset=\"http:\/\/www.lacas.be\/wp-content\/uploads\/2021\/02\/art-journal-1.jpg 600w, http:\/\/www.lacas.be\/wp-content\/uploads\/2021\/02\/art-journal-1-300x232.jpg 300w, http:\/\/www.lacas.be\/wp-content\/uploads\/2021\/02\/art-journal-1-150x116.jpg 150w, http:\/\/www.lacas.be\/wp-content\/uploads\/2021\/02\/art-journal-1-389x300.jpg 389w\" sizes=\"auto, (max-width: 600px) 100vw, 600px\" \/><\/figure>\n\n\n\n<figure class=\"wp-block-image size-large\"><img loading=\"lazy\" decoding=\"async\" width=\"600\" height=\"892\" src=\"http:\/\/www.lacas.be\/wp-content\/uploads\/2021\/02\/art-journal-2.jpg\" alt=\"\" class=\"wp-image-7657\" srcset=\"http:\/\/www.lacas.be\/wp-content\/uploads\/2021\/02\/art-journal-2.jpg 600w, http:\/\/www.lacas.be\/wp-content\/uploads\/2021\/02\/art-journal-2-202x300.jpg 202w, http:\/\/www.lacas.be\/wp-content\/uploads\/2021\/02\/art-journal-2-101x150.jpg 101w\" sizes=\"auto, (max-width: 600px) 100vw, 600px\" \/><\/figure>\n\n\n\n<figure class=\"wp-block-image size-large\"><img loading=\"lazy\" decoding=\"async\" width=\"600\" height=\"800\" src=\"http:\/\/www.lacas.be\/wp-content\/uploads\/2021\/02\/art-journal-3.jpg\" alt=\"\" class=\"wp-image-7658\" srcset=\"http:\/\/www.lacas.be\/wp-content\/uploads\/2021\/02\/art-journal-3.jpg 600w, http:\/\/www.lacas.be\/wp-content\/uploads\/2021\/02\/art-journal-3-225x300.jpg 225w, http:\/\/www.lacas.be\/wp-content\/uploads\/2021\/02\/art-journal-3-113x150.jpg 113w\" sizes=\"auto, (max-width: 600px) 100vw, 600px\" \/><\/figure>\n\n\n\n<figure class=\"wp-block-image size-large\"><img loading=\"lazy\" decoding=\"async\" width=\"600\" height=\"450\" src=\"http:\/\/www.lacas.be\/wp-content\/uploads\/2021\/02\/art-journal-4.jpg\" alt=\"\" class=\"wp-image-7659\" srcset=\"http:\/\/www.lacas.be\/wp-content\/uploads\/2021\/02\/art-journal-4.jpg 600w, http:\/\/www.lacas.be\/wp-content\/uploads\/2021\/02\/art-journal-4-300x225.jpg 300w, http:\/\/www.lacas.be\/wp-content\/uploads\/2021\/02\/art-journal-4-150x113.jpg 150w, http:\/\/www.lacas.be\/wp-content\/uploads\/2021\/02\/art-journal-4-400x300.jpg 400w\" sizes=\"auto, (max-width: 600px) 100vw, 600px\" \/><\/figure>\n\n\n\n<p>J&rsquo;ai coll\u00e9 un papier d\u00e9chir\u00e9 \u00e0 partir d&rsquo;une archive familiale originale retrouv\u00e9e dans les affaires de mon papa, historien dans l&rsquo;\u00e2me et qui conservait tout &#8230; Pour l&rsquo;anecdote, j&rsquo;ai m\u00eame retrouv\u00e9 une facture de mes anc\u00eatres relative \u00e0 un achat d&rsquo;un tonneau de geni\u00e8vre datant du d\u00e9but du 20\u00e8me si\u00e8cle ! J&rsquo;ai gard\u00e9 plusieurs documents que j&rsquo;utilise essentiellement dans l&rsquo;art journal &#8230; une fa\u00e7on cr\u00e9ative d&rsquo;en perp\u00e9tuer le souvenir ! :):)<\/p>\n\n\n\n<figure class=\"wp-block-image size-large\"><img loading=\"lazy\" decoding=\"async\" width=\"600\" height=\"450\" src=\"http:\/\/www.lacas.be\/wp-content\/uploads\/2021\/02\/art-journal-5.jpg\" alt=\"\" class=\"wp-image-7660\" srcset=\"http:\/\/www.lacas.be\/wp-content\/uploads\/2021\/02\/art-journal-5.jpg 600w, http:\/\/www.lacas.be\/wp-content\/uploads\/2021\/02\/art-journal-5-300x225.jpg 300w, http:\/\/www.lacas.be\/wp-content\/uploads\/2021\/02\/art-journal-5-150x113.jpg 150w, http:\/\/www.lacas.be\/wp-content\/uploads\/2021\/02\/art-journal-5-400x300.jpg 400w\" sizes=\"auto, (max-width: 600px) 100vw, 600px\" \/><\/figure>\n\n\n\n<p>Merci de votre visite et \u00e0 bient\u00f4t !<\/p>\n","protected":false},"excerpt":{"rendered":"<p>Fonds \u00e0 la gell press, collage, d\u00e9coupage, tamponnage, doodling &#8230; voici une autre page de mon carnet cr\u00e9atif r\u00e9alis\u00e9e en plusieurs \u00e9tapes. J&rsquo;aime bien faire mes fonds de page, puis les laisser reposer pour y revenir plus tard ! J&rsquo;ai &hellip; <a href=\"http:\/\/www.lacas.be\/?p=7655\">Continuer la lecture <span class=\"meta-nav\">&rarr;<\/span><\/a><\/p>\n","protected":false},"author":1,"featured_media":0,"comment_status":"open","ping_status":"open","sticky":false,"template":"","format":"standard","meta":{"footnotes":""},"categories":[1],"tags":[],"class_list":["post-7655","post","type-post","status-publish","format-standard","hentry","category-non-classe"],"_links":{"self":[{"href":"http:\/\/www.lacas.be\/index.php?rest_route=\/wp\/v2\/posts\/7655","targetHints":{"allow":["GET"]}}],"collection":[{"href":"http:\/\/www.lacas.be\/index.php?rest_route=\/wp\/v2\/posts"}],"about":[{"href":"http:\/\/www.lacas.be\/index.php?rest_route=\/wp\/v2\/types\/post"}],"author":[{"embeddable":true,"href":"http:\/\/www.lacas.be\/index.php?rest_route=\/wp\/v2\/users\/1"}],"replies":[{"embeddable":true,"href":"http:\/\/www.lacas.be\/index.php?rest_route=%2Fwp%2Fv2%2Fcomments&post=7655"}],"version-history":[{"count":2,"href":"http:\/\/www.lacas.be\/index.php?rest_route=\/wp\/v2\/posts\/7655\/revisions"}],"predecessor-version":[{"id":7662,"href":"http:\/\/www.lacas.be\/index.php?rest_route=\/wp\/v2\/posts\/7655\/revisions\/7662"}],"wp:attachment":[{"href":"http:\/\/www.lacas.be\/index.php?rest_route=%2Fwp%2Fv2%2Fmedia&parent=7655"}],"wp:term":[{"taxonomy":"category","embeddable":true,"href":"http:\/\/www.lacas.be\/index.php?rest_route=%2Fwp%2Fv2%2Fcategories&post=7655"},{"taxonomy":"post_tag","embeddable":true,"href":"http:\/\/www.lacas.be\/index.php?rest_route=%2Fwp%2Fv2%2Ftags&post=7655"}],"curies":[{"name":"wp","href":"https:\/\/api.w.org\/{rel}","templated":true}]}}