{"id":7634,"date":"2021-01-24T14:24:57","date_gmt":"2021-01-24T14:24:57","guid":{"rendered":"http:\/\/www.lacas.be\/?p=7634"},"modified":"2021-01-24T14:24:57","modified_gmt":"2021-01-24T14:24:57","slug":"fonds-de-page-a-la-gell-press","status":"publish","type":"post","link":"http:\/\/www.lacas.be\/?p=7634","title":{"rendered":"Fonds de page \u00e0 la gell press"},"content":{"rendered":"\n<p>Bonjour. Ce WE a \u00e9t\u00e9 essentiellement consacr\u00e9 (encore !) \u00e0 la r\u00e9alisation de fonds de page, dans mon carnet cr\u00e9atif, sur des feuilles de diff\u00e9rentes textures et dimensions qui me serviront de \u00ab\u00a0mati\u00e8re premi\u00e8re\u00a0\u00bb pour scrapper durant la semaine prochaine. La gell press n&rsquo;est pas uniquement r\u00e9serv\u00e9e au mixed media, j&rsquo;ai donc voulu utiliser un des fonds de page pour faire une page de facture \u00ab\u00a0clean &amp; simple\u00a0\u00bb et une autre moins conventionnelle sur laquelle j&rsquo;ai coll\u00e9 un motif d\u00e9coup\u00e9 dans un sachet papier. Mais place aux photos !<\/p>\n\n\n\n<figure class=\"wp-block-image size-large\"><img loading=\"lazy\" decoding=\"async\" width=\"600\" height=\"450\" src=\"http:\/\/www.lacas.be\/wp-content\/uploads\/2021\/01\/gell-press-40.jpg\" alt=\"\" class=\"wp-image-7635\" srcset=\"http:\/\/www.lacas.be\/wp-content\/uploads\/2021\/01\/gell-press-40.jpg 600w, http:\/\/www.lacas.be\/wp-content\/uploads\/2021\/01\/gell-press-40-300x225.jpg 300w, http:\/\/www.lacas.be\/wp-content\/uploads\/2021\/01\/gell-press-40-150x113.jpg 150w, http:\/\/www.lacas.be\/wp-content\/uploads\/2021\/01\/gell-press-40-400x300.jpg 400w\" sizes=\"auto, (max-width: 600px) 100vw, 600px\" \/><\/figure>\n\n\n\n<figure class=\"wp-block-image size-large\"><img loading=\"lazy\" decoding=\"async\" width=\"600\" height=\"450\" src=\"http:\/\/www.lacas.be\/wp-content\/uploads\/2021\/01\/Gell-press-41.jpg\" alt=\"\" class=\"wp-image-7636\" srcset=\"http:\/\/www.lacas.be\/wp-content\/uploads\/2021\/01\/Gell-press-41.jpg 600w, http:\/\/www.lacas.be\/wp-content\/uploads\/2021\/01\/Gell-press-41-300x225.jpg 300w, http:\/\/www.lacas.be\/wp-content\/uploads\/2021\/01\/Gell-press-41-150x113.jpg 150w, http:\/\/www.lacas.be\/wp-content\/uploads\/2021\/01\/Gell-press-41-400x300.jpg 400w\" sizes=\"auto, (max-width: 600px) 100vw, 600px\" \/><\/figure>\n\n\n\n<p>Pour le fond de page ci-dessous, j&rsquo;ai \u00e9tal\u00e9 la peinture avec les doigts sur la gell press &#8230; que du bonheur de patouiller ainsi &#8230;<\/p>\n\n\n\n<figure class=\"wp-block-image size-large\"><img loading=\"lazy\" decoding=\"async\" width=\"600\" height=\"642\" src=\"http:\/\/www.lacas.be\/wp-content\/uploads\/2021\/01\/gell-press-42.jpg\" alt=\"\" class=\"wp-image-7637\" srcset=\"http:\/\/www.lacas.be\/wp-content\/uploads\/2021\/01\/gell-press-42.jpg 600w, http:\/\/www.lacas.be\/wp-content\/uploads\/2021\/01\/gell-press-42-280x300.jpg 280w, http:\/\/www.lacas.be\/wp-content\/uploads\/2021\/01\/gell-press-42-140x150.jpg 140w\" sizes=\"auto, (max-width: 600px) 100vw, 600px\" \/><\/figure>\n\n\n\n<figure class=\"wp-block-image size-large\"><img loading=\"lazy\" decoding=\"async\" width=\"600\" height=\"547\" src=\"http:\/\/www.lacas.be\/wp-content\/uploads\/2021\/01\/gell-press-45.jpg\" alt=\"\" class=\"wp-image-7638\" srcset=\"http:\/\/www.lacas.be\/wp-content\/uploads\/2021\/01\/gell-press-45.jpg 600w, http:\/\/www.lacas.be\/wp-content\/uploads\/2021\/01\/gell-press-45-300x274.jpg 300w, http:\/\/www.lacas.be\/wp-content\/uploads\/2021\/01\/gell-press-45-150x137.jpg 150w, http:\/\/www.lacas.be\/wp-content\/uploads\/2021\/01\/gell-press-45-329x300.jpg 329w\" sizes=\"auto, (max-width: 600px) 100vw, 600px\" \/><\/figure>\n\n\n\n<figure class=\"wp-block-image size-large\"><img loading=\"lazy\" decoding=\"async\" width=\"600\" height=\"576\" src=\"http:\/\/www.lacas.be\/wp-content\/uploads\/2021\/01\/gell-press-46.jpg\" alt=\"\" class=\"wp-image-7639\" srcset=\"http:\/\/www.lacas.be\/wp-content\/uploads\/2021\/01\/gell-press-46.jpg 600w, http:\/\/www.lacas.be\/wp-content\/uploads\/2021\/01\/gell-press-46-300x288.jpg 300w, http:\/\/www.lacas.be\/wp-content\/uploads\/2021\/01\/gell-press-46-150x144.jpg 150w, http:\/\/www.lacas.be\/wp-content\/uploads\/2021\/01\/gell-press-46-313x300.jpg 313w\" sizes=\"auto, (max-width: 600px) 100vw, 600px\" \/><\/figure>\n\n\n\n<p>Voici un exemple d&rsquo;utilisation des fonds de page dans un registre clean &amp; simple ! Beaucoup de tamponnage, un peu de texture et des dies &#8230;<\/p>\n\n\n\n<figure class=\"wp-block-image size-large\"><img loading=\"lazy\" decoding=\"async\" width=\"600\" height=\"578\" src=\"http:\/\/www.lacas.be\/wp-content\/uploads\/2021\/01\/gell-press-49.jpg\" alt=\"\" class=\"wp-image-7640\" srcset=\"http:\/\/www.lacas.be\/wp-content\/uploads\/2021\/01\/gell-press-49.jpg 600w, http:\/\/www.lacas.be\/wp-content\/uploads\/2021\/01\/gell-press-49-300x289.jpg 300w, http:\/\/www.lacas.be\/wp-content\/uploads\/2021\/01\/gell-press-49-150x145.jpg 150w, http:\/\/www.lacas.be\/wp-content\/uploads\/2021\/01\/gell-press-49-311x300.jpg 311w\" sizes=\"auto, (max-width: 600px) 100vw, 600px\" \/><\/figure>\n\n\n\n<p>Et last but not least &#8230; une page d&rsquo;un carnet cr\u00e9atif que je relierai plus tard, j&rsquo;ai d\u00e9coup\u00e9 le texte dans un sac en papier, je ne pouvais pas le louper en ces temps o\u00f9 l&rsquo;essentiel fait d\u00e9bat &#8230;<\/p>\n\n\n\n<figure class=\"wp-block-image size-large\"><img loading=\"lazy\" decoding=\"async\" width=\"600\" height=\"800\" src=\"http:\/\/www.lacas.be\/wp-content\/uploads\/2021\/01\/essential.jpg\" alt=\"\" class=\"wp-image-7641\" srcset=\"http:\/\/www.lacas.be\/wp-content\/uploads\/2021\/01\/essential.jpg 600w, http:\/\/www.lacas.be\/wp-content\/uploads\/2021\/01\/essential-225x300.jpg 225w, http:\/\/www.lacas.be\/wp-content\/uploads\/2021\/01\/essential-113x150.jpg 113w\" sizes=\"auto, (max-width: 600px) 100vw, 600px\" \/><\/figure>\n\n\n\n<p>Merci pour votre visite et \u00e0 bient\u00f4t !<\/p>\n","protected":false},"excerpt":{"rendered":"<p>Bonjour. Ce WE a \u00e9t\u00e9 essentiellement consacr\u00e9 (encore !) \u00e0 la r\u00e9alisation de fonds de page, dans mon carnet cr\u00e9atif, sur des feuilles de diff\u00e9rentes textures et dimensions qui me serviront de \u00ab\u00a0mati\u00e8re premi\u00e8re\u00a0\u00bb pour scrapper durant la semaine prochaine. &hellip; <a href=\"http:\/\/www.lacas.be\/?p=7634\">Continuer la lecture <span class=\"meta-nav\">&rarr;<\/span><\/a><\/p>\n","protected":false},"author":1,"featured_media":0,"comment_status":"open","ping_status":"open","sticky":false,"template":"","format":"standard","meta":{"footnotes":""},"categories":[1],"tags":[],"class_list":["post-7634","post","type-post","status-publish","format-standard","hentry","category-non-classe"],"_links":{"self":[{"href":"http:\/\/www.lacas.be\/index.php?rest_route=\/wp\/v2\/posts\/7634","targetHints":{"allow":["GET"]}}],"collection":[{"href":"http:\/\/www.lacas.be\/index.php?rest_route=\/wp\/v2\/posts"}],"about":[{"href":"http:\/\/www.lacas.be\/index.php?rest_route=\/wp\/v2\/types\/post"}],"author":[{"embeddable":true,"href":"http:\/\/www.lacas.be\/index.php?rest_route=\/wp\/v2\/users\/1"}],"replies":[{"embeddable":true,"href":"http:\/\/www.lacas.be\/index.php?rest_route=%2Fwp%2Fv2%2Fcomments&post=7634"}],"version-history":[{"count":1,"href":"http:\/\/www.lacas.be\/index.php?rest_route=\/wp\/v2\/posts\/7634\/revisions"}],"predecessor-version":[{"id":7642,"href":"http:\/\/www.lacas.be\/index.php?rest_route=\/wp\/v2\/posts\/7634\/revisions\/7642"}],"wp:attachment":[{"href":"http:\/\/www.lacas.be\/index.php?rest_route=%2Fwp%2Fv2%2Fmedia&parent=7634"}],"wp:term":[{"taxonomy":"category","embeddable":true,"href":"http:\/\/www.lacas.be\/index.php?rest_route=%2Fwp%2Fv2%2Fcategories&post=7634"},{"taxonomy":"post_tag","embeddable":true,"href":"http:\/\/www.lacas.be\/index.php?rest_route=%2Fwp%2Fv2%2Ftags&post=7634"}],"curies":[{"name":"wp","href":"https:\/\/api.w.org\/{rel}","templated":true}]}}