{"id":7613,"date":"2021-01-17T09:41:58","date_gmt":"2021-01-17T09:41:58","guid":{"rendered":"http:\/\/www.lacas.be\/?p=7613"},"modified":"2021-01-17T09:41:59","modified_gmt":"2021-01-17T09:41:59","slug":"carnet-creatif-page-1","status":"publish","type":"post","link":"http:\/\/www.lacas.be\/?p=7613","title":{"rendered":"Carnet cr\u00e9atif (page 1)"},"content":{"rendered":"\n<p>Bonjour ! Cette ann\u00e9e, je commence un carnet cr\u00e9atif que je vais compl\u00e9ter \u00e0 mon rythme et sans autre contrainte que celle de d\u00e9couvrir ou  d&rsquo;approfondir des techniques de type mixed media (collages, gell press, graphismes, calligraphies&#8230;etc). Chaque page est r\u00e9alis\u00e9e sur base d&rsquo;un th\u00e8me qui me parle,  je souhaiterais en effet que ce carnet cr\u00e9atif soit un condens\u00e9 de r\u00e9flexions non seulement artistiques mais aussi enrichissant au niveau de la connaissance de soi ! C&rsquo;est pourquoi des \u00ab\u00a0cachettes\u00a0\u00bb sont am\u00e9nag\u00e9es qui recueillent des pens\u00e9es, des ressentis ou \u00e9motions intimes et personnelles. Voici mes premi\u00e8res pages ! <\/p>\n\n\n\n<figure class=\"wp-block-image size-large\"><img loading=\"lazy\" decoding=\"async\" width=\"600\" height=\"450\" src=\"http:\/\/www.lacas.be\/wp-content\/uploads\/2021\/01\/carnet-cre\u0301atif-1.jpg\" alt=\"\" class=\"wp-image-7614\" srcset=\"http:\/\/www.lacas.be\/wp-content\/uploads\/2021\/01\/carnet-cre\u0301atif-1.jpg 600w, http:\/\/www.lacas.be\/wp-content\/uploads\/2021\/01\/carnet-cre\u0301atif-1-300x225.jpg 300w, http:\/\/www.lacas.be\/wp-content\/uploads\/2021\/01\/carnet-cre\u0301atif-1-150x113.jpg 150w, http:\/\/www.lacas.be\/wp-content\/uploads\/2021\/01\/carnet-cre\u0301atif-1-400x300.jpg 400w\" sizes=\"auto, (max-width: 600px) 100vw, 600px\" \/><\/figure>\n\n\n\n<p>Cette premi\u00e8re page titre \u00ab\u00a0promenades int\u00e9rieures\u00a0\u00bb car ce carnet est con\u00e7u comme un voyage \u00ab\u00a0d&rsquo;\u00e2me\u00a0\u00bb \u00e0 travers une exploration artistique.<\/p>\n\n\n\n<figure class=\"wp-block-image size-large\"><img loading=\"lazy\" decoding=\"async\" width=\"600\" height=\"800\" src=\"http:\/\/www.lacas.be\/wp-content\/uploads\/2021\/01\/carnet-cre\u0301atif-2.jpg\" alt=\"\" class=\"wp-image-7616\" srcset=\"http:\/\/www.lacas.be\/wp-content\/uploads\/2021\/01\/carnet-cre\u0301atif-2.jpg 600w, http:\/\/www.lacas.be\/wp-content\/uploads\/2021\/01\/carnet-cre\u0301atif-2-225x300.jpg 225w, http:\/\/www.lacas.be\/wp-content\/uploads\/2021\/01\/carnet-cre\u0301atif-2-113x150.jpg 113w\" sizes=\"auto, (max-width: 600px) 100vw, 600px\" \/><\/figure>\n\n\n\n<p>Au niveau technique, j&rsquo;ai appliqu\u00e9 la gell press directement sur la page avec une petite plaque d&rsquo;impression ronde et j&rsquo;ai utilis\u00e9 de la peinture \u00e0 la craie pour le fond. J&rsquo;ai aussi tamponn\u00e9 et d\u00e9tour\u00e9 le motif dans un papier \u00e9galement r\u00e9alis\u00e9 \u00e0 la gell press mais avec de la peinture acrylique m\u00e9tallis\u00e9e bleue.<\/p>\n\n\n\n<p>Cette page n&rsquo;est pas fig\u00e9e, peut-\u00eatre (certainement) y ajouterais-je au fil du temps et de mes d\u00e9couvertes l&rsquo;un ou l&rsquo;autre \u00e9l\u00e9ment !<\/p>\n\n\n\n<p>A bient\u00f4t pour une deuxi\u00e8me page !<\/p>\n","protected":false},"excerpt":{"rendered":"<p>Bonjour ! Cette ann\u00e9e, je commence un carnet cr\u00e9atif que je vais compl\u00e9ter \u00e0 mon rythme et sans autre contrainte que celle de d\u00e9couvrir ou d&rsquo;approfondir des techniques de type mixed media (collages, gell press, graphismes, calligraphies&#8230;etc). Chaque page est &hellip; <a href=\"http:\/\/www.lacas.be\/?p=7613\">Continuer la lecture <span class=\"meta-nav\">&rarr;<\/span><\/a><\/p>\n","protected":false},"author":1,"featured_media":0,"comment_status":"open","ping_status":"open","sticky":false,"template":"","format":"standard","meta":{"footnotes":""},"categories":[1],"tags":[],"class_list":["post-7613","post","type-post","status-publish","format-standard","hentry","category-non-classe"],"_links":{"self":[{"href":"http:\/\/www.lacas.be\/index.php?rest_route=\/wp\/v2\/posts\/7613","targetHints":{"allow":["GET"]}}],"collection":[{"href":"http:\/\/www.lacas.be\/index.php?rest_route=\/wp\/v2\/posts"}],"about":[{"href":"http:\/\/www.lacas.be\/index.php?rest_route=\/wp\/v2\/types\/post"}],"author":[{"embeddable":true,"href":"http:\/\/www.lacas.be\/index.php?rest_route=\/wp\/v2\/users\/1"}],"replies":[{"embeddable":true,"href":"http:\/\/www.lacas.be\/index.php?rest_route=%2Fwp%2Fv2%2Fcomments&post=7613"}],"version-history":[{"count":2,"href":"http:\/\/www.lacas.be\/index.php?rest_route=\/wp\/v2\/posts\/7613\/revisions"}],"predecessor-version":[{"id":7618,"href":"http:\/\/www.lacas.be\/index.php?rest_route=\/wp\/v2\/posts\/7613\/revisions\/7618"}],"wp:attachment":[{"href":"http:\/\/www.lacas.be\/index.php?rest_route=%2Fwp%2Fv2%2Fmedia&parent=7613"}],"wp:term":[{"taxonomy":"category","embeddable":true,"href":"http:\/\/www.lacas.be\/index.php?rest_route=%2Fwp%2Fv2%2Fcategories&post=7613"},{"taxonomy":"post_tag","embeddable":true,"href":"http:\/\/www.lacas.be\/index.php?rest_route=%2Fwp%2Fv2%2Ftags&post=7613"}],"curies":[{"name":"wp","href":"https:\/\/api.w.org\/{rel}","templated":true}]}}