{"id":7504,"date":"2020-07-20T17:08:14","date_gmt":"2020-07-20T17:08:14","guid":{"rendered":"http:\/\/www.lacas.be\/?p=7504"},"modified":"2020-07-20T17:08:15","modified_gmt":"2020-07-20T17:08:15","slug":"meditations-florales-mini-album-dans-son-ecrin","status":"publish","type":"post","link":"http:\/\/www.lacas.be\/?p=7504","title":{"rendered":"M\u00e9ditations florales &#8211; mini album dans son \u00e9crin"},"content":{"rendered":"\n<p>Bonjour ! A pr\u00e9sent que ce mini a \u00e9t\u00e9 remis \u00e0 sa destinataire &#8230; je peux en publier quelques photos ! j&rsquo;avais d\u00e9j\u00e0 r\u00e9alis\u00e9 il y a plusieurs ann\u00e9es cette bo\u00eete en forme d&rsquo;appareil photo (tuto dans un ancien \u00ab\u00a0passion scrapbooking\u00a0\u00bb) Cette fois-ci le th\u00e8me du mini \u00e9tant les fleurs, je l&rsquo;ai voulu fleuri &#8230; Mais place aux images !<\/p>\n\n\n\n<figure class=\"wp-block-image size-large\"><img loading=\"lazy\" decoding=\"async\" width=\"600\" height=\"450\" src=\"http:\/\/www.lacas.be\/wp-content\/uploads\/2020\/07\/me\u0301ditations-florales-1.jpg\" alt=\"\" class=\"wp-image-7505\"\/><\/figure>\n\n\n\n<figure class=\"wp-block-image size-large\"><img loading=\"lazy\" decoding=\"async\" width=\"600\" height=\"450\" src=\"http:\/\/www.lacas.be\/wp-content\/uploads\/2020\/07\/me\u0301ditations-florales-2.jpg\" alt=\"\" class=\"wp-image-7506\"\/><\/figure>\n\n\n\n<p>Pourquoi ce titre \u00ab\u00a0M\u00e9ditations florales\u00a0\u00bb ?? tout simplement parce que j&rsquo;ai ins\u00e9r\u00e9 des po\u00e9sies, des textes sur les roses, les fleurs &#8230; de ci, de l\u00e0 dans le mini !<\/p>\n\n\n\n<figure class=\"wp-block-image size-large\"><img loading=\"lazy\" decoding=\"async\" width=\"600\" height=\"450\" src=\"http:\/\/www.lacas.be\/wp-content\/uploads\/2020\/07\/me\u0301ditations-florales-3.jpg\" alt=\"\" class=\"wp-image-7507\"\/><\/figure>\n\n\n\n<figure class=\"wp-block-image size-large\"><img loading=\"lazy\" decoding=\"async\" width=\"600\" height=\"450\" src=\"http:\/\/www.lacas.be\/wp-content\/uploads\/2020\/07\/me\u0301ditations-florales-4.jpg\" alt=\"\" class=\"wp-image-7508\"\/><\/figure>\n\n\n\n<p>Le mini est constitu\u00e9 de tags de 15 sur 10 que j&rsquo;ai d\u00e9cor\u00e9 avec du tamponnage texte ou motif et du serviettage sur le th\u00e8me mais sans vernis colle pour garder un effet mat \u00ab\u00a0fondu\u00a0\u00bb sur la page. <\/p>\n\n\n\n<figure class=\"wp-block-image size-large\"><img loading=\"lazy\" decoding=\"async\" width=\"600\" height=\"450\" src=\"http:\/\/www.lacas.be\/wp-content\/uploads\/2020\/07\/me\u0301ditations-florales-5.jpg\" alt=\"\" class=\"wp-image-7509\"\/><\/figure>\n\n\n\n<figure class=\"wp-block-image size-large\"><img loading=\"lazy\" decoding=\"async\" width=\"600\" height=\"450\" src=\"http:\/\/www.lacas.be\/wp-content\/uploads\/2020\/07\/me\u0301ditations-florales-6.jpg\" alt=\"\" class=\"wp-image-7510\"\/><\/figure>\n\n\n\n<figure class=\"wp-block-image size-large\"><img loading=\"lazy\" decoding=\"async\" width=\"600\" height=\"450\" src=\"http:\/\/www.lacas.be\/wp-content\/uploads\/2020\/07\/me\u0301ditations-florales-8.jpg\" alt=\"\" class=\"wp-image-7511\"\/><\/figure>\n\n\n\n<figure class=\"wp-block-image size-large\"><img loading=\"lazy\" decoding=\"async\" width=\"600\" height=\"450\" src=\"http:\/\/www.lacas.be\/wp-content\/uploads\/2020\/07\/me\u0301ditations-florales-9.jpg\" alt=\"\" class=\"wp-image-7512\"\/><\/figure>\n\n\n\n<p>Ne disposant que de quelques photos des fleurs du jardin de la destinataire, j&rsquo;ai ajout\u00e9 plein de tags vierges o\u00f9 elle pourra au gr\u00e9 des ann\u00e9es y coller ses plus beaux clich\u00e9s ! une sorte de mini interactif !!<\/p>\n\n\n\n<p>Je vous souhaite une belle fin de journ\u00e9e et \u00e0 tr\u00e8s bient\u00f4t<\/p>\n","protected":false},"excerpt":{"rendered":"<p>Bonjour ! A pr\u00e9sent que ce mini a \u00e9t\u00e9 remis \u00e0 sa destinataire &#8230; je peux en publier quelques photos ! j&rsquo;avais d\u00e9j\u00e0 r\u00e9alis\u00e9 il y a plusieurs ann\u00e9es cette bo\u00eete en forme d&rsquo;appareil photo (tuto dans un ancien \u00ab\u00a0passion &hellip; <a href=\"http:\/\/www.lacas.be\/?p=7504\">Continuer la lecture <span class=\"meta-nav\">&rarr;<\/span><\/a><\/p>\n","protected":false},"author":1,"featured_media":0,"comment_status":"open","ping_status":"open","sticky":false,"template":"","format":"standard","meta":{"footnotes":""},"categories":[1],"tags":[],"class_list":["post-7504","post","type-post","status-publish","format-standard","hentry","category-non-classe"],"_links":{"self":[{"href":"http:\/\/www.lacas.be\/index.php?rest_route=\/wp\/v2\/posts\/7504","targetHints":{"allow":["GET"]}}],"collection":[{"href":"http:\/\/www.lacas.be\/index.php?rest_route=\/wp\/v2\/posts"}],"about":[{"href":"http:\/\/www.lacas.be\/index.php?rest_route=\/wp\/v2\/types\/post"}],"author":[{"embeddable":true,"href":"http:\/\/www.lacas.be\/index.php?rest_route=\/wp\/v2\/users\/1"}],"replies":[{"embeddable":true,"href":"http:\/\/www.lacas.be\/index.php?rest_route=%2Fwp%2Fv2%2Fcomments&post=7504"}],"version-history":[{"count":2,"href":"http:\/\/www.lacas.be\/index.php?rest_route=\/wp\/v2\/posts\/7504\/revisions"}],"predecessor-version":[{"id":7514,"href":"http:\/\/www.lacas.be\/index.php?rest_route=\/wp\/v2\/posts\/7504\/revisions\/7514"}],"wp:attachment":[{"href":"http:\/\/www.lacas.be\/index.php?rest_route=%2Fwp%2Fv2%2Fmedia&parent=7504"}],"wp:term":[{"taxonomy":"category","embeddable":true,"href":"http:\/\/www.lacas.be\/index.php?rest_route=%2Fwp%2Fv2%2Fcategories&post=7504"},{"taxonomy":"post_tag","embeddable":true,"href":"http:\/\/www.lacas.be\/index.php?rest_route=%2Fwp%2Fv2%2Ftags&post=7504"}],"curies":[{"name":"wp","href":"https:\/\/api.w.org\/{rel}","templated":true}]}}