{"id":7338,"date":"2020-02-26T12:55:03","date_gmt":"2020-02-26T12:55:03","guid":{"rendered":"http:\/\/www.lacas.be\/?p=7338"},"modified":"2020-02-26T18:43:02","modified_gmt":"2020-02-26T18:43:02","slug":"mini-album-hiver","status":"publish","type":"post","link":"http:\/\/www.lacas.be\/?p=7338","title":{"rendered":"Mini album Hiver"},"content":{"rendered":"\n<p>Bonjour ! il neige sur l&rsquo;Ardenne belge &#8230; enfin, un tout petit peu ! De quoi se rappeler que nous sommes en hiver et de poster quelques photos d&rsquo;un mini album dans son \u00e9tui made in Lacas.<\/p>\n\n\n\n<figure class=\"wp-block-image size-large\"><img loading=\"lazy\" decoding=\"async\" width=\"600\" height=\"450\" src=\"http:\/\/www.lacas.be\/wp-content\/uploads\/2020\/02\/hiver-1.jpg\" alt=\"\" class=\"wp-image-7339\"\/><\/figure>\n\n\n\n<figure class=\"wp-block-image size-large\"><img loading=\"lazy\" decoding=\"async\" width=\"600\" height=\"450\" src=\"http:\/\/www.lacas.be\/wp-content\/uploads\/2020\/02\/hiver-2.jpg\" alt=\"\" class=\"wp-image-7340\"\/><\/figure>\n\n\n\n<p>Il mesure 11 sur 15,5 cms et peut contenir une douzaine de photos. D&rsquo;un c\u00f4t\u00e9, il y a un livret coll\u00e9 sur la base, d\u00e9structur\u00e9 avec pages embo\u00eet\u00e9es les unes dans les autres.<\/p>\n\n\n\n<figure class=\"wp-block-image size-large is-resized\"><img loading=\"lazy\" decoding=\"async\" src=\"http:\/\/www.lacas.be\/wp-content\/uploads\/2020\/02\/hiver-3.jpg\" alt=\"\" class=\"wp-image-7341\" width=\"419\" height=\"314\"\/><\/figure>\n\n\n\n<div class=\"wp-block-group\"><div class=\"wp-block-group__inner-container is-layout-flow wp-block-group-is-layout-flow\">\n<figure class=\"wp-block-image size-large is-resized\"><img loading=\"lazy\" decoding=\"async\" src=\"http:\/\/www.lacas.be\/wp-content\/uploads\/2020\/02\/hiver-4.jpg\" alt=\"\" class=\"wp-image-7342\" width=\"418\" height=\"313\"\/><\/figure>\n<\/div><\/div>\n\n\n\n<figure class=\"wp-block-image size-large is-resized\"><img loading=\"lazy\" decoding=\"async\" src=\"http:\/\/www.lacas.be\/wp-content\/uploads\/2020\/02\/hiver-6.jpg\" alt=\"\" class=\"wp-image-7343\" width=\"420\" height=\"315\"\/><\/figure>\n\n\n\n<figure class=\"wp-block-image size-large is-resized\"><img loading=\"lazy\" decoding=\"async\" src=\"http:\/\/www.lacas.be\/wp-content\/uploads\/2020\/02\/hiver-7.jpg\" alt=\"\" class=\"wp-image-7344\" width=\"255\" height=\"340\"\/><\/figure>\n\n\n\n<p>L&rsquo;autre partie est compos\u00e9e d&rsquo;une pochette o\u00f9 s&rsquo;ins\u00e8re une page en cascade, j&rsquo;ai choisi des tags qui sont tenus par un rabat avec aimants. Mais ce pourrait \u00eatre des ronds ou des carr\u00e9s !<\/p>\n\n\n\n<figure class=\"wp-block-image size-large is-resized\"><img loading=\"lazy\" decoding=\"async\" src=\"http:\/\/www.lacas.be\/wp-content\/uploads\/2020\/02\/hiver-8.jpg\" alt=\"\" class=\"wp-image-7345\" width=\"429\" height=\"321\"\/><\/figure>\n\n\n\n<figure class=\"wp-block-image size-large is-resized\"><img loading=\"lazy\" decoding=\"async\" src=\"http:\/\/www.lacas.be\/wp-content\/uploads\/2020\/02\/hiver-9.jpg\" alt=\"\" class=\"wp-image-7346\" width=\"223\" height=\"298\"\/><\/figure>\n\n\n\n<figure class=\"wp-block-image size-large is-resized\"><img loading=\"lazy\" decoding=\"async\" src=\"http:\/\/www.lacas.be\/wp-content\/uploads\/2020\/02\/hiver-10.jpg\" alt=\"\" class=\"wp-image-7347\" width=\"229\" height=\"305\"\/><\/figure>\n\n\n\n<p>Ce mini album n\u00e9cessite peu de mat\u00e9riel, quelques pages de cardstock beige ou blanc et du Bazzil bleu de 30 sur 30 cms, un dies pour fabriquer les flocons et un autre pour les tags (mais ceux-ci peuvent se faire \u00e0 la main), une esperluette (faite \u00e0 la perfo), des strass argent\u00e9s, du fil \u00e0 coudre et quelques tamponnages.<\/p>\n\n\n\n<p>J&rsquo;esp\u00e8re qu&rsquo;il vous plaira ! Belle journ\u00e9e \u00e0 vous et merci pour votre visite ! N&rsquo;h\u00e9sitez pas \u00e0 visiter ma page facebook \u00ab\u00a0la cinse \u00e0 scrap\u00a0\u00bb.<\/p>\n","protected":false},"excerpt":{"rendered":"<p>Bonjour ! il neige sur l&rsquo;Ardenne belge &#8230; enfin, un tout petit peu ! De quoi se rappeler que nous sommes en hiver et de poster quelques photos d&rsquo;un mini album dans son \u00e9tui made in Lacas. Il mesure 11 &hellip; <a href=\"http:\/\/www.lacas.be\/?p=7338\">Continuer la lecture <span class=\"meta-nav\">&rarr;<\/span><\/a><\/p>\n","protected":false},"author":1,"featured_media":0,"comment_status":"open","ping_status":"open","sticky":false,"template":"","format":"standard","meta":{"footnotes":""},"categories":[1],"tags":[],"class_list":["post-7338","post","type-post","status-publish","format-standard","hentry","category-non-classe"],"_links":{"self":[{"href":"http:\/\/www.lacas.be\/index.php?rest_route=\/wp\/v2\/posts\/7338","targetHints":{"allow":["GET"]}}],"collection":[{"href":"http:\/\/www.lacas.be\/index.php?rest_route=\/wp\/v2\/posts"}],"about":[{"href":"http:\/\/www.lacas.be\/index.php?rest_route=\/wp\/v2\/types\/post"}],"author":[{"embeddable":true,"href":"http:\/\/www.lacas.be\/index.php?rest_route=\/wp\/v2\/users\/1"}],"replies":[{"embeddable":true,"href":"http:\/\/www.lacas.be\/index.php?rest_route=%2Fwp%2Fv2%2Fcomments&post=7338"}],"version-history":[{"count":3,"href":"http:\/\/www.lacas.be\/index.php?rest_route=\/wp\/v2\/posts\/7338\/revisions"}],"predecessor-version":[{"id":7350,"href":"http:\/\/www.lacas.be\/index.php?rest_route=\/wp\/v2\/posts\/7338\/revisions\/7350"}],"wp:attachment":[{"href":"http:\/\/www.lacas.be\/index.php?rest_route=%2Fwp%2Fv2%2Fmedia&parent=7338"}],"wp:term":[{"taxonomy":"category","embeddable":true,"href":"http:\/\/www.lacas.be\/index.php?rest_route=%2Fwp%2Fv2%2Fcategories&post=7338"},{"taxonomy":"post_tag","embeddable":true,"href":"http:\/\/www.lacas.be\/index.php?rest_route=%2Fwp%2Fv2%2Ftags&post=7338"}],"curies":[{"name":"wp","href":"https:\/\/api.w.org\/{rel}","templated":true}]}}