{"id":7162,"date":"2019-07-05T18:47:54","date_gmt":"2019-07-05T18:47:54","guid":{"rendered":"http:\/\/www.lacas.be\/?p=7162"},"modified":"2019-07-05T18:47:55","modified_gmt":"2019-07-05T18:47:55","slug":"swap-estival","status":"publish","type":"post","link":"http:\/\/www.lacas.be\/?p=7162","title":{"rendered":"Swap estival"},"content":{"rendered":"\n<p>C&rsquo;est l&rsquo;\u00e9t\u00e9 et avec lui, la saison des swaps ! J&rsquo;y ai particip\u00e9 derni\u00e8rement via le forum FB \u00ab\u00a0la gazette des scrappeuses\u00a0\u00bb , le th\u00e8me \u00e9tait l&rsquo;\u00e9t\u00e9 (avec une petite gourmandise \u00e0 ajouter !) J&rsquo;ai choisi une pocket letter, voici le r\u00e9sultat de mes cogitations qui ont bien plu \u00e0 ma bin\u00f4me !<\/p>\n\n\n\n<figure class=\"wp-block-image\"><img loading=\"lazy\" decoding=\"async\" width=\"720\" height=\"960\" src=\"http:\/\/www.lacas.be\/wp-content\/uploads\/2019\/07\/swap-1.jpg\" alt=\"\" class=\"wp-image-7163\"\/><\/figure>\n\n\n\n<p>Les cartes project life ont \u00e9t\u00e9 r\u00e9alis\u00e9es made in Lacas avec des tampons et de l&rsquo;encre &#8230;<\/p>\n\n\n\n<figure class=\"wp-block-image\"><img loading=\"lazy\" decoding=\"async\" width=\"600\" height=\"800\" src=\"http:\/\/www.lacas.be\/wp-content\/uploads\/2019\/07\/swap-3.jpg\" alt=\"\" class=\"wp-image-7164\"\/><\/figure>\n\n\n\n<p>Des biscuits locaux et un peu de tilleul r\u00e9colte 2019 de mon jardin ainsi qu&rsquo;une carte assortie accompagnaient l&rsquo;envoi.<\/p>\n\n\n\n<figure class=\"wp-block-image\"><img loading=\"lazy\" decoding=\"async\" width=\"600\" height=\"450\" src=\"http:\/\/www.lacas.be\/wp-content\/uploads\/2019\/07\/swap-2.jpg\" alt=\"\" class=\"wp-image-7165\"\/><\/figure>\n\n\n\n<p>J&rsquo;aime beaucoup les swaps ! Voici ce que ma bin\u00f4me m&rsquo;a envoy\u00e9 pour sa part !<\/p>\n\n\n\n<figure class=\"wp-block-image\"><img loading=\"lazy\" decoding=\"async\" width=\"600\" height=\"450\" src=\"http:\/\/www.lacas.be\/wp-content\/uploads\/2019\/07\/Se\u0301verine-1.jpg\" alt=\"\" class=\"wp-image-7166\"\/><\/figure>\n\n\n\n<p>un flipbook tr\u00e8s color\u00e9 rempli d&#8217;embellissements !<\/p>\n\n\n\n<figure class=\"wp-block-image\"><img loading=\"lazy\" decoding=\"async\" width=\"600\" height=\"450\" src=\"http:\/\/www.lacas.be\/wp-content\/uploads\/2019\/07\/Se\u0301verine-4.jpg\" alt=\"\" class=\"wp-image-7167\"\/><\/figure>\n\n\n\n<p>De belles vacances \u00e0 vous qui passez par ici !<\/p>\n","protected":false},"excerpt":{"rendered":"<p>C&rsquo;est l&rsquo;\u00e9t\u00e9 et avec lui, la saison des swaps ! J&rsquo;y ai particip\u00e9 derni\u00e8rement via le forum FB \u00ab\u00a0la gazette des scrappeuses\u00a0\u00bb , le th\u00e8me \u00e9tait l&rsquo;\u00e9t\u00e9 (avec une petite gourmandise \u00e0 ajouter !) J&rsquo;ai choisi une pocket letter, voici &hellip; <a href=\"http:\/\/www.lacas.be\/?p=7162\">Continuer la lecture <span class=\"meta-nav\">&rarr;<\/span><\/a><\/p>\n","protected":false},"author":1,"featured_media":0,"comment_status":"open","ping_status":"open","sticky":false,"template":"","format":"standard","meta":{"footnotes":""},"categories":[1],"tags":[],"class_list":["post-7162","post","type-post","status-publish","format-standard","hentry","category-non-classe"],"_links":{"self":[{"href":"http:\/\/www.lacas.be\/index.php?rest_route=\/wp\/v2\/posts\/7162","targetHints":{"allow":["GET"]}}],"collection":[{"href":"http:\/\/www.lacas.be\/index.php?rest_route=\/wp\/v2\/posts"}],"about":[{"href":"http:\/\/www.lacas.be\/index.php?rest_route=\/wp\/v2\/types\/post"}],"author":[{"embeddable":true,"href":"http:\/\/www.lacas.be\/index.php?rest_route=\/wp\/v2\/users\/1"}],"replies":[{"embeddable":true,"href":"http:\/\/www.lacas.be\/index.php?rest_route=%2Fwp%2Fv2%2Fcomments&post=7162"}],"version-history":[{"count":1,"href":"http:\/\/www.lacas.be\/index.php?rest_route=\/wp\/v2\/posts\/7162\/revisions"}],"predecessor-version":[{"id":7168,"href":"http:\/\/www.lacas.be\/index.php?rest_route=\/wp\/v2\/posts\/7162\/revisions\/7168"}],"wp:attachment":[{"href":"http:\/\/www.lacas.be\/index.php?rest_route=%2Fwp%2Fv2%2Fmedia&parent=7162"}],"wp:term":[{"taxonomy":"category","embeddable":true,"href":"http:\/\/www.lacas.be\/index.php?rest_route=%2Fwp%2Fv2%2Fcategories&post=7162"},{"taxonomy":"post_tag","embeddable":true,"href":"http:\/\/www.lacas.be\/index.php?rest_route=%2Fwp%2Fv2%2Ftags&post=7162"}],"curies":[{"name":"wp","href":"https:\/\/api.w.org\/{rel}","templated":true}]}}