{"id":691,"date":"2013-07-15T09:35:12","date_gmt":"2013-07-15T09:35:12","guid":{"rendered":"http:\/\/www.lacas.be\/?p=691"},"modified":"2013-07-15T09:46:12","modified_gmt":"2013-07-15T09:46:12","slug":"zpagetti","status":"publish","type":"post","link":"http:\/\/www.lacas.be\/?p=691","title":{"rendered":"Zpagetti"},"content":{"rendered":"<p>Non, non, pas de fautes d&rsquo;orthographe et rien \u00e0 voir avec les spaghettis ! il s&rsquo;agit de bandes de tissu recycl\u00e9 (donc, \u00e9cologique &#8230;) assez larges \u00e0 crocheter et\/ou \u00e0 tricoter.<\/p>\n<p>En solde dans le rayonnage d&rsquo;un magasin de d\u00e9coration, je n&rsquo;ai pas r\u00e9sist\u00e9 \u00e0 l&rsquo;achat compulsif &#8230;. ma curiosit\u00e9 ayant \u00e9t\u00e9 attis\u00e9e et titill\u00e9e par cette pelote hors norme !<\/p>\n<p>Munie d&rsquo;un crochet n\u00b0 10, je me suis amus\u00e9e \u00e0 r\u00e9aliser ce contenant sur base d&rsquo;un mod\u00e8le issu du blog \u00ab\u00a0inspirations cr\u00e9atives\u00a0\u00bb :<\/p>\n<p><a href=\"http:\/\/www.lacas.be\/wp-content\/uploads\/2013\/07\/017.jpg\"><img loading=\"lazy\" decoding=\"async\" class=\"size-medium wp-image-700 alignleft\" alt=\"017\" src=\"http:\/\/www.lacas.be\/wp-content\/uploads\/2013\/07\/017-200x300.jpg\" width=\"200\" height=\"300\" srcset=\"http:\/\/www.lacas.be\/wp-content\/uploads\/2013\/07\/017-200x300.jpg 200w, http:\/\/www.lacas.be\/wp-content\/uploads\/2013\/07\/017-685x1024.jpg 685w\" sizes=\"auto, (max-width: 200px) 100vw, 200px\" \/><\/a><\/p>\n<p>C&rsquo;est surprenant au toucher et lourd \u00e0 la confection (attention, les doigts !), mais assez agr\u00e9able \u00e0 crocheter le premier moment d&rsquo;adaptation pass\u00e9 et surtout rapide \u00e0 confectionner pour les impatientes !<a href=\"http:\/\/www.lacas.be\/wp-content\/uploads\/2013\/07\/019.jpg\"><img loading=\"lazy\" decoding=\"async\" class=\"size-medium wp-image-698 alignnone\" alt=\"019\" src=\"http:\/\/www.lacas.be\/wp-content\/uploads\/2013\/07\/019-200x300.jpg\" width=\"200\" height=\"300\" srcset=\"http:\/\/www.lacas.be\/wp-content\/uploads\/2013\/07\/019-200x300.jpg 200w, http:\/\/www.lacas.be\/wp-content\/uploads\/2013\/07\/019-685x1024.jpg 685w\" sizes=\"auto, (max-width: 200px) 100vw, 200px\" \/><\/a><\/p>\n<p>Il me sert \u00e0 pr\u00e9sent de pot pour un lierre ! Original, non ?<\/p>\n<p>Par contre, ce qui m&rsquo;a pris plus de temps, ce fut un laborieux tri par cat\u00e9gories de mes petites affaires de bricolage,\u00a0couture, broderie et autres travaux d&rsquo;aiguilles qui occupaient diverses armoires. Je vous laisse juge du d\u00e9sordre qui r\u00e9gnait sur\u00a0la table de ma\u00a0cour int\u00e9rieure en cette belle apr\u00e8s-midi ensoleill\u00e9e et o\u00f9 l&rsquo;anarchie n&rsquo;\u00e9tait plus de mise.<\/p>\n<p>\u00a0<a href=\"http:\/\/www.lacas.be\/wp-content\/uploads\/2013\/07\/014.jpg\"><img loading=\"lazy\" decoding=\"async\" class=\"aligncenter size-medium wp-image-702\" alt=\"014\" src=\"http:\/\/www.lacas.be\/wp-content\/uploads\/2013\/07\/014-300x200.jpg\" width=\"300\" height=\"200\" srcset=\"http:\/\/www.lacas.be\/wp-content\/uploads\/2013\/07\/014-300x200.jpg 300w, http:\/\/www.lacas.be\/wp-content\/uploads\/2013\/07\/014-1024x685.jpg 1024w\" sizes=\"auto, (max-width: 300px) 100vw, 300px\" \/><\/a><a href=\"http:\/\/www.lacas.be\/wp-content\/uploads\/2013\/07\/0121.jpg\"><img loading=\"lazy\" decoding=\"async\" class=\"aligncenter size-medium wp-image-707\" alt=\"012\" src=\"http:\/\/www.lacas.be\/wp-content\/uploads\/2013\/07\/0121-200x300.jpg\" width=\"200\" height=\"300\" srcset=\"http:\/\/www.lacas.be\/wp-content\/uploads\/2013\/07\/0121-200x300.jpg 200w, http:\/\/www.lacas.be\/wp-content\/uploads\/2013\/07\/0121-685x1024.jpg 685w\" sizes=\"auto, (max-width: 200px) 100vw, 200px\" \/><\/a><\/p>\n<p>Et encore les photos ne refl\u00e8tent qu&rsquo;une partie du stock (fouillis ?) qui a fini par rentrer dans les rangs &#8230; (NDLR pour ma petite famille qui connait et se gausse r\u00e9guli\u00e8rement de mon manque d&rsquo;ordre chronique : pour combien de temps ?? !)<\/p>\n<p>\u00a0A pr\u00e9sent, tous les sacs et pochettes qui dormaient dans mes placards ont trouv\u00e9 une utilit\u00e9 et une fonction &#8230;. Ouf !\u00a0<\/p>\n<p><a href=\"http:\/\/www.lacas.be\/wp-content\/uploads\/2013\/07\/021.jpg\"><img loading=\"lazy\" decoding=\"async\" class=\"aligncenter size-medium wp-image-711\" alt=\"021\" src=\"http:\/\/www.lacas.be\/wp-content\/uploads\/2013\/07\/021-300x200.jpg\" width=\"300\" height=\"200\" srcset=\"http:\/\/www.lacas.be\/wp-content\/uploads\/2013\/07\/021-300x200.jpg 300w, http:\/\/www.lacas.be\/wp-content\/uploads\/2013\/07\/021-1024x685.jpg 1024w\" sizes=\"auto, (max-width: 300px) 100vw, 300px\" \/><\/a>A bient\u00f4t \u00e0 vous qui passez par ici , pour ma part,\u00a0j&rsquo;estime avoir bien m\u00e9rit\u00e9 un ap\u00e9ro\u00a0r\u00e9confortant par ces chaleurs estivales (et on ne s&rsquo;en plaindra pas !)<\/p>\n<p>A votre sant\u00e9 !<\/p>\n","protected":false},"excerpt":{"rendered":"<p>Non, non, pas de fautes d&rsquo;orthographe et rien \u00e0 voir avec les spaghettis ! il s&rsquo;agit de bandes de tissu recycl\u00e9 (donc, \u00e9cologique &#8230;) assez larges \u00e0 crocheter et\/ou \u00e0 tricoter. En solde dans le rayonnage d&rsquo;un magasin de d\u00e9coration, &hellip; <a href=\"http:\/\/www.lacas.be\/?p=691\">Continuer la lecture <span class=\"meta-nav\">&rarr;<\/span><\/a><\/p>\n","protected":false},"author":1,"featured_media":0,"comment_status":"open","ping_status":"open","sticky":false,"template":"","format":"standard","meta":{"footnotes":""},"categories":[1],"tags":[],"class_list":["post-691","post","type-post","status-publish","format-standard","hentry","category-non-classe"],"_links":{"self":[{"href":"http:\/\/www.lacas.be\/index.php?rest_route=\/wp\/v2\/posts\/691","targetHints":{"allow":["GET"]}}],"collection":[{"href":"http:\/\/www.lacas.be\/index.php?rest_route=\/wp\/v2\/posts"}],"about":[{"href":"http:\/\/www.lacas.be\/index.php?rest_route=\/wp\/v2\/types\/post"}],"author":[{"embeddable":true,"href":"http:\/\/www.lacas.be\/index.php?rest_route=\/wp\/v2\/users\/1"}],"replies":[{"embeddable":true,"href":"http:\/\/www.lacas.be\/index.php?rest_route=%2Fwp%2Fv2%2Fcomments&post=691"}],"version-history":[{"count":17,"href":"http:\/\/www.lacas.be\/index.php?rest_route=\/wp\/v2\/posts\/691\/revisions"}],"predecessor-version":[{"id":715,"href":"http:\/\/www.lacas.be\/index.php?rest_route=\/wp\/v2\/posts\/691\/revisions\/715"}],"wp:attachment":[{"href":"http:\/\/www.lacas.be\/index.php?rest_route=%2Fwp%2Fv2%2Fmedia&parent=691"}],"wp:term":[{"taxonomy":"category","embeddable":true,"href":"http:\/\/www.lacas.be\/index.php?rest_route=%2Fwp%2Fv2%2Fcategories&post=691"},{"taxonomy":"post_tag","embeddable":true,"href":"http:\/\/www.lacas.be\/index.php?rest_route=%2Fwp%2Fv2%2Ftags&post=691"}],"curies":[{"name":"wp","href":"https:\/\/api.w.org\/{rel}","templated":true}]}}