{"id":6827,"date":"2018-08-19T16:48:26","date_gmt":"2018-08-19T16:48:26","guid":{"rendered":"http:\/\/www.lacas.be\/?p=6827"},"modified":"2018-08-19T16:48:26","modified_gmt":"2018-08-19T16:48:26","slug":"patouille-dete","status":"publish","type":"post","link":"http:\/\/www.lacas.be\/?p=6827","title":{"rendered":"Patouille d&rsquo;\u00e9t\u00e9"},"content":{"rendered":"<p>Bonjour,<\/p>\n<p>J&rsquo;avais envie d&rsquo;une touche de couleurs vives et claires pour r\u00e9chauffer ma d\u00e9co int\u00e9rieure, j&rsquo;ai donc pris gesso blanc et pigments naturels\u00a0 (ocre jaune et rouge) achet\u00e9s l&rsquo;an dernier \u00e0 la Petite Foire de Semel (Be), r\u00e9cup\u00e9r\u00e9 des cadres divers, un petit plateau en bois brut et m\u00eame de la cartonnette, m\u00e9lang\u00e9 le tout &#8230; qui a s\u00e9ch\u00e9 au soleil tout l&rsquo;apr\u00e8s midi d&rsquo;hier &#8230;<\/p>\n<p><img loading=\"lazy\" decoding=\"async\" class=\"alignnone size-full wp-image-6828\" src=\"http:\/\/www.lacas.be\/wp-content\/uploads\/2018\/08\/Patouille.jpg\" alt=\"\" width=\"600\" height=\"272\" \/><\/p>\n<p>Et \u00e0 l&rsquo;assemblage &#8230; voici des petits home d\u00e9co originaux,\u00a0 je dois encore ajouter un embellissement ou une photo dans le cadre int\u00e9rieur &#8230;<\/p>\n<p><img loading=\"lazy\" decoding=\"async\" class=\"alignnone size-full wp-image-6830\" src=\"http:\/\/www.lacas.be\/wp-content\/uploads\/2018\/08\/patouille-1.jpg\" alt=\"\" width=\"600\" height=\"518\" \/><\/p>\n<p><img loading=\"lazy\" decoding=\"async\" class=\"alignnone size-full wp-image-6833\" src=\"http:\/\/www.lacas.be\/wp-content\/uploads\/2018\/08\/patouille-o-bis.jpg\" alt=\"\" width=\"600\" height=\"303\" \/><\/p>\n<p><img loading=\"lazy\" decoding=\"async\" class=\"alignnone size-full wp-image-6829\" src=\"http:\/\/www.lacas.be\/wp-content\/uploads\/2018\/08\/Patouille-0.jpg\" alt=\"\" width=\"600\" height=\"220\" \/><\/p>\n<p><img loading=\"lazy\" decoding=\"async\" class=\"alignnone size-full wp-image-6832\" src=\"http:\/\/www.lacas.be\/wp-content\/uploads\/2018\/08\/Patouille-3.jpg\" alt=\"\" width=\"600\" height=\"597\" \/><\/p>\n<p><img loading=\"lazy\" decoding=\"async\" class=\"alignnone size-full wp-image-6831\" src=\"http:\/\/www.lacas.be\/wp-content\/uploads\/2018\/08\/patouille-2.jpg\" alt=\"\" width=\"600\" height=\"381\" \/><\/p>\n<p>J&rsquo;ai aim\u00e9 les couleurs \u00e9ph\u00e9m\u00e8res que je ne pourrai jamais reproduire \u00e0 l&rsquo;identique, ayant m\u00e9lang\u00e9 gesso et pigments au hasard de mes envies en d\u00e9posant une pinc\u00e9e de la poudre pigment\u00e9e directement sur les supports afin d&rsquo;obtenir un effet plus original qu&rsquo;un coup de pinceau uniforme ;\u00a0 j&rsquo;ai aussi \u00e9t\u00e9 \u00e9tonn\u00e9e du \u00ab\u00a0rendu\u00a0\u00bb sur de la cartonnette grise de 1 mm d&rsquo;\u00e9paisseur en une seule couche. J&rsquo;ajouterai que j&rsquo;ai mis en final une couche de vernis satin\u00e9 \u00ab\u00a0Do It\u00a0\u00bb (www.doitdeco.be) pour son c\u00f4t\u00e9 brillant.<\/p>\n<p>Une patouille d&rsquo;\u00e9t\u00e9 lumineuse ! Je pense r\u00e9-it\u00e9rer l&rsquo;exp\u00e9rience sur de la cartonnette avec d&rsquo;autres couleurs pour r\u00e9aliser les couvertures d&rsquo;un futur mini-album !<\/p>\n<p>A bient\u00f4t et merci pour votre visite !<\/p>\n<p>&nbsp;<\/p>\n","protected":false},"excerpt":{"rendered":"<p>Bonjour, J&rsquo;avais envie d&rsquo;une touche de couleurs vives et claires pour r\u00e9chauffer ma d\u00e9co int\u00e9rieure, j&rsquo;ai donc pris gesso blanc et pigments naturels\u00a0 (ocre jaune et rouge) achet\u00e9s l&rsquo;an dernier \u00e0 la Petite Foire de Semel (Be), r\u00e9cup\u00e9r\u00e9 des cadres &hellip; <a href=\"http:\/\/www.lacas.be\/?p=6827\">Continuer la lecture <span class=\"meta-nav\">&rarr;<\/span><\/a><\/p>\n","protected":false},"author":1,"featured_media":0,"comment_status":"open","ping_status":"open","sticky":false,"template":"","format":"standard","meta":{"footnotes":""},"categories":[1,17],"tags":[],"class_list":["post-6827","post","type-post","status-publish","format-standard","hentry","category-non-classe","category-home-made"],"_links":{"self":[{"href":"http:\/\/www.lacas.be\/index.php?rest_route=\/wp\/v2\/posts\/6827","targetHints":{"allow":["GET"]}}],"collection":[{"href":"http:\/\/www.lacas.be\/index.php?rest_route=\/wp\/v2\/posts"}],"about":[{"href":"http:\/\/www.lacas.be\/index.php?rest_route=\/wp\/v2\/types\/post"}],"author":[{"embeddable":true,"href":"http:\/\/www.lacas.be\/index.php?rest_route=\/wp\/v2\/users\/1"}],"replies":[{"embeddable":true,"href":"http:\/\/www.lacas.be\/index.php?rest_route=%2Fwp%2Fv2%2Fcomments&post=6827"}],"version-history":[{"count":4,"href":"http:\/\/www.lacas.be\/index.php?rest_route=\/wp\/v2\/posts\/6827\/revisions"}],"predecessor-version":[{"id":6837,"href":"http:\/\/www.lacas.be\/index.php?rest_route=\/wp\/v2\/posts\/6827\/revisions\/6837"}],"wp:attachment":[{"href":"http:\/\/www.lacas.be\/index.php?rest_route=%2Fwp%2Fv2%2Fmedia&parent=6827"}],"wp:term":[{"taxonomy":"category","embeddable":true,"href":"http:\/\/www.lacas.be\/index.php?rest_route=%2Fwp%2Fv2%2Fcategories&post=6827"},{"taxonomy":"post_tag","embeddable":true,"href":"http:\/\/www.lacas.be\/index.php?rest_route=%2Fwp%2Fv2%2Ftags&post=6827"}],"curies":[{"name":"wp","href":"https:\/\/api.w.org\/{rel}","templated":true}]}}