{"id":6687,"date":"2018-06-03T16:02:39","date_gmt":"2018-06-03T16:02:39","guid":{"rendered":"http:\/\/www.lacas.be\/?p=6687"},"modified":"2018-06-04T10:54:00","modified_gmt":"2018-06-04T10:54:00","slug":"serres-royales","status":"publish","type":"post","link":"http:\/\/www.lacas.be\/?p=6687","title":{"rendered":"Serres royales"},"content":{"rendered":"<p>Bonjour,<\/p>\n<p>Apr\u00e8s la carterie, retour au mini-album ! Voici toujours en clean &amp; simple, quelques pages consacr\u00e9es \u00e0 la visite des serres du palais royal de Laeken (Bruxelles) ouvertes au public 3 semaines par an au printemps pour un prix modique et plus que d\u00e9mocratique.<\/p>\n<p><img loading=\"lazy\" decoding=\"async\" class=\"alignnone size-full wp-image-6693\" src=\"http:\/\/www.lacas.be\/wp-content\/uploads\/2018\/06\/lacas-6.jpg\" alt=\"\" width=\"600\" height=\"441\" \/><\/p>\n<p><img loading=\"lazy\" decoding=\"async\" class=\"alignnone size-large wp-image-6691\" src=\"http:\/\/www.lacas.be\/wp-content\/uploads\/2018\/06\/lacas-4.jpg\" alt=\"\" width=\"600\" height=\"247\" \/><\/p>\n<p><img loading=\"lazy\" decoding=\"async\" class=\"alignnone size-full wp-image-6689\" src=\"http:\/\/www.lacas.be\/wp-content\/uploads\/2018\/06\/lacas-2.jpg\" alt=\"\" width=\"600\" height=\"447\" \/><\/p>\n<p><img loading=\"lazy\" decoding=\"async\" class=\"alignnone size-full wp-image-6688\" src=\"http:\/\/www.lacas.be\/wp-content\/uploads\/2018\/06\/lacas-1.jpg\" alt=\"\" width=\"600\" height=\"310\" \/><\/p>\n<p><img loading=\"lazy\" decoding=\"async\" class=\"alignnone size-large wp-image-6692\" src=\"http:\/\/www.lacas.be\/wp-content\/uploads\/2018\/06\/lacas-5.jpg\" alt=\"\" width=\"600\" height=\"248\" \/><\/p>\n<p><img loading=\"lazy\" decoding=\"async\" class=\"alignnone size-full wp-image-6694\" src=\"http:\/\/www.lacas.be\/wp-content\/uploads\/2018\/06\/lacas-7.jpg\" alt=\"\" width=\"600\" height=\"257\" \/><\/p>\n<p>A bient\u00f4t et merci de votre visite !<\/p>\n","protected":false},"excerpt":{"rendered":"<p>Bonjour, Apr\u00e8s la carterie, retour au mini-album ! Voici toujours en clean &amp; simple, quelques pages consacr\u00e9es \u00e0 la visite des serres du palais royal de Laeken (Bruxelles) ouvertes au public 3 semaines par an au printemps pour un prix &hellip; <a href=\"http:\/\/www.lacas.be\/?p=6687\">Continuer la lecture <span class=\"meta-nav\">&rarr;<\/span><\/a><\/p>\n","protected":false},"author":1,"featured_media":0,"comment_status":"open","ping_status":"open","sticky":false,"template":"","format":"standard","meta":{"footnotes":""},"categories":[18],"tags":[],"class_list":["post-6687","post","type-post","status-publish","format-standard","hentry","category-scrapbooking"],"_links":{"self":[{"href":"http:\/\/www.lacas.be\/index.php?rest_route=\/wp\/v2\/posts\/6687","targetHints":{"allow":["GET"]}}],"collection":[{"href":"http:\/\/www.lacas.be\/index.php?rest_route=\/wp\/v2\/posts"}],"about":[{"href":"http:\/\/www.lacas.be\/index.php?rest_route=\/wp\/v2\/types\/post"}],"author":[{"embeddable":true,"href":"http:\/\/www.lacas.be\/index.php?rest_route=\/wp\/v2\/users\/1"}],"replies":[{"embeddable":true,"href":"http:\/\/www.lacas.be\/index.php?rest_route=%2Fwp%2Fv2%2Fcomments&post=6687"}],"version-history":[{"count":4,"href":"http:\/\/www.lacas.be\/index.php?rest_route=\/wp\/v2\/posts\/6687\/revisions"}],"predecessor-version":[{"id":6698,"href":"http:\/\/www.lacas.be\/index.php?rest_route=\/wp\/v2\/posts\/6687\/revisions\/6698"}],"wp:attachment":[{"href":"http:\/\/www.lacas.be\/index.php?rest_route=%2Fwp%2Fv2%2Fmedia&parent=6687"}],"wp:term":[{"taxonomy":"category","embeddable":true,"href":"http:\/\/www.lacas.be\/index.php?rest_route=%2Fwp%2Fv2%2Fcategories&post=6687"},{"taxonomy":"post_tag","embeddable":true,"href":"http:\/\/www.lacas.be\/index.php?rest_route=%2Fwp%2Fv2%2Ftags&post=6687"}],"curies":[{"name":"wp","href":"https:\/\/api.w.org\/{rel}","templated":true}]}}