{"id":6350,"date":"2017-11-07T12:41:25","date_gmt":"2017-11-07T12:41:25","guid":{"rendered":"http:\/\/www.lacas.be\/?p=6350"},"modified":"2017-11-07T12:41:25","modified_gmt":"2017-11-07T12:41:25","slug":"page-dautomne-2","status":"publish","type":"post","link":"http:\/\/www.lacas.be\/?p=6350","title":{"rendered":"Page d&rsquo;automne (2)"},"content":{"rendered":"<p>Bonjour,<\/p>\n<p>Ayant pris toute une s\u00e9rie de clich\u00e9s automnaux, j&rsquo;avais envie de les mettre en valeur ! Voici donc une deuxi\u00e8me page consacr\u00e9e aux champignons, ici pris au zoom et \u00e0 la m\u00eame hauteur car en r\u00e9alit\u00e9, ils se cachaient parmi les feuilles mortes de mon jardin !<\/p>\n<p><img loading=\"lazy\" decoding=\"async\" class=\"alignnone size-full wp-image-6349\" src=\"http:\/\/www.lacas.be\/wp-content\/uploads\/2017\/11\/automne-2.jpg\" alt=\"\" width=\"600\" height=\"583\" \/><\/p>\n<p>Les papiers qui s&rsquo;accordaient bien avec le combo de la photo proviennent de la collection \u00ab\u00a0R\u00eaver l&rsquo;automne\u00a0\u00bb de Lorelai Design. Ma plus grande difficult\u00e9 lorsque j&rsquo;utilise une page imprim\u00e9e est d&rsquo;accorder les embellissements sans \u00e9craser le d\u00e9cor !<\/p>\n<p><img loading=\"lazy\" decoding=\"async\" class=\"alignnone size-full wp-image-6347\" src=\"http:\/\/www.lacas.be\/wp-content\/uploads\/2017\/11\/automne-2.1.-1.jpg\" alt=\"\" width=\"600\" height=\"450\" \/><\/p>\n<p>J&rsquo;ai utilis\u00e9 les rayures et les pois pour apporter un petit c\u00f4t\u00e9 graphique et dynamique \u00e0 la page. Un tag transparent\u00a0 est coll\u00e9 \u00e0 m\u00eame la photo, il y\u00a0 avait de l&rsquo;espace disponible,\u00a0 le but \u00e9tant de mettre en valeur les champignons &#8230;.<\/p>\n<p><img loading=\"lazy\" decoding=\"async\" class=\"alignnone size-full wp-image-6348\" src=\"http:\/\/www.lacas.be\/wp-content\/uploads\/2017\/11\/automne-2.2..jpg\" alt=\"\" width=\"600\" height=\"389\" \/><\/p>\n<p>A bient\u00f4t !<\/p>\n","protected":false},"excerpt":{"rendered":"<p>Bonjour, Ayant pris toute une s\u00e9rie de clich\u00e9s automnaux, j&rsquo;avais envie de les mettre en valeur ! Voici donc une deuxi\u00e8me page consacr\u00e9e aux champignons, ici pris au zoom et \u00e0 la m\u00eame hauteur car en r\u00e9alit\u00e9, ils se cachaient &hellip; <a href=\"http:\/\/www.lacas.be\/?p=6350\">Continuer la lecture <span class=\"meta-nav\">&rarr;<\/span><\/a><\/p>\n","protected":false},"author":1,"featured_media":0,"comment_status":"open","ping_status":"open","sticky":false,"template":"","format":"standard","meta":{"footnotes":""},"categories":[18],"tags":[],"class_list":["post-6350","post","type-post","status-publish","format-standard","hentry","category-scrapbooking"],"_links":{"self":[{"href":"http:\/\/www.lacas.be\/index.php?rest_route=\/wp\/v2\/posts\/6350","targetHints":{"allow":["GET"]}}],"collection":[{"href":"http:\/\/www.lacas.be\/index.php?rest_route=\/wp\/v2\/posts"}],"about":[{"href":"http:\/\/www.lacas.be\/index.php?rest_route=\/wp\/v2\/types\/post"}],"author":[{"embeddable":true,"href":"http:\/\/www.lacas.be\/index.php?rest_route=\/wp\/v2\/users\/1"}],"replies":[{"embeddable":true,"href":"http:\/\/www.lacas.be\/index.php?rest_route=%2Fwp%2Fv2%2Fcomments&post=6350"}],"version-history":[{"count":3,"href":"http:\/\/www.lacas.be\/index.php?rest_route=\/wp\/v2\/posts\/6350\/revisions"}],"predecessor-version":[{"id":6353,"href":"http:\/\/www.lacas.be\/index.php?rest_route=\/wp\/v2\/posts\/6350\/revisions\/6353"}],"wp:attachment":[{"href":"http:\/\/www.lacas.be\/index.php?rest_route=%2Fwp%2Fv2%2Fmedia&parent=6350"}],"wp:term":[{"taxonomy":"category","embeddable":true,"href":"http:\/\/www.lacas.be\/index.php?rest_route=%2Fwp%2Fv2%2Fcategories&post=6350"},{"taxonomy":"post_tag","embeddable":true,"href":"http:\/\/www.lacas.be\/index.php?rest_route=%2Fwp%2Fv2%2Ftags&post=6350"}],"curies":[{"name":"wp","href":"https:\/\/api.w.org\/{rel}","templated":true}]}}