{"id":6292,"date":"2017-10-15T15:22:08","date_gmt":"2017-10-15T15:22:08","guid":{"rendered":"http:\/\/www.lacas.be\/?p=6292"},"modified":"2017-10-15T15:22:08","modified_gmt":"2017-10-15T15:22:08","slug":"cartes-dautomne","status":"publish","type":"post","link":"http:\/\/www.lacas.be\/?p=6292","title":{"rendered":"Cartes d&rsquo;automne"},"content":{"rendered":"<p>Bonjour,<\/p>\n<p>C&rsquo;est par un\u00a0 dimanche ensoleill\u00e9 digne d&rsquo;un \u00e9t\u00e9 indien que je vous poste quelques photos de mes derni\u00e8res cartes dans les tons de saison. Je n&rsquo;ai pas pu choisir entre tous mes clich\u00e9s, ils me plaisaient tous &#8230; alors, attention, \u00e7a risque d&rsquo;\u00eatre long ! \ud83d\ude42<\/p>\n<p><img loading=\"lazy\" decoding=\"async\" class=\"alignnone size-full wp-image-6293\" src=\"http:\/\/www.lacas.be\/wp-content\/uploads\/2017\/10\/lacas-1.jpg\" alt=\"\" width=\"600\" height=\"303\" \/><\/p>\n<p><img loading=\"lazy\" decoding=\"async\" class=\"alignnone size-large wp-image-6294\" src=\"http:\/\/www.lacas.be\/wp-content\/uploads\/2017\/10\/lacas-2.jpg\" alt=\"\" width=\"600\" height=\"660\" \/><\/p>\n<p>En d\u00e9tails &#8230; comme vous le verrez, ces derniers temps, j&rsquo;utilise dans toutes mes r\u00e9as un peu de fil de coton &#8230; toujours le m\u00eame que j&#8217;emm\u00eale et tournicote \u00e0 qui mieux mieux !!<\/p>\n<p><img loading=\"lazy\" decoding=\"async\" class=\"alignnone size-large wp-image-6295\" src=\"http:\/\/www.lacas.be\/wp-content\/uploads\/2017\/10\/lacas-2.1..jpg\" alt=\"\" width=\"600\" height=\"450\" \/><\/p>\n<p>Je me suis inspir\u00e9e d&rsquo;une page r\u00e9cente de Floril\u00e8ges Design pour r\u00e9aliser cette carte et une page d&rsquo;album que je vous posterai prochainement.<\/p>\n<p><img loading=\"lazy\" decoding=\"async\" class=\"alignnone size-large wp-image-6296\" src=\"http:\/\/www.lacas.be\/wp-content\/uploads\/2017\/10\/lacas-3.jpg\" alt=\"\" width=\"600\" height=\"419\" \/><\/p>\n<p>J&rsquo;ai aim\u00e9 confectionner les ronds tamponn\u00e9s, puis d\u00e9coup\u00e9s \u00e0 la sizzix m\u00eame si faute de tampons adapt\u00e9s \u00e0 la taille du motif, j&rsquo;ai d\u00fb faire l&rsquo;impasse sur un troisi\u00e8me qui aurait d\u00fb figurer sur chaque disque. Le r\u00e9sultat me pla\u00eet n\u00e9anmoins ! Le titre a \u00e9t\u00e9 emboss\u00e9 pour conserver l&rsquo;aspect relief de l&rsquo;ensemble.<\/p>\n<p><img loading=\"lazy\" decoding=\"async\" class=\"alignnone size-large wp-image-6297\" src=\"http:\/\/www.lacas.be\/wp-content\/uploads\/2017\/10\/lacas-4.jpg\" alt=\"\" width=\"600\" height=\"410\" \/><\/p>\n<p>Sur une inspiration du dernier magazine \u00ab\u00a0passion cartes cr\u00e9atives\u00a0\u00bb et avec un tampon de Floril\u00e8ges design aquarell\u00e9, une\u00a0 carte passe-partout, bien utile quand le temps ou les id\u00e9es manquent pour envoyer un petit mot.<\/p>\n<p><img loading=\"lazy\" decoding=\"async\" class=\"alignnone size-large wp-image-6298\" src=\"http:\/\/www.lacas.be\/wp-content\/uploads\/2017\/10\/lacas-5.jpg\" alt=\"\" width=\"600\" height=\"656\" \/><\/p>\n<p>D&rsquo;autres photos prises sous une belle lumi\u00e8re automnale &#8230;<\/p>\n<p><img loading=\"lazy\" decoding=\"async\" class=\"alignnone size-large wp-image-6299\" src=\"http:\/\/www.lacas.be\/wp-content\/uploads\/2017\/10\/lacas-7.jpg\" alt=\"\" width=\"600\" height=\"459\" \/><\/p>\n<p><img loading=\"lazy\" decoding=\"async\" class=\"alignnone size-large wp-image-6301\" src=\"http:\/\/www.lacas.be\/wp-content\/uploads\/2017\/10\/lacas-9.jpg\" alt=\"\" width=\"600\" height=\"757\" \/><\/p>\n<p>J&rsquo;ai profit\u00e9 de ce WE lumineux \u00e0 souhait pour prendre quelques clich\u00e9s de ma campagne natale, noy\u00e9e dans le brouillard matinal et dont les for\u00eats regorgent d&rsquo;esth\u00e9tisme, un album est d&rsquo;ailleurs en cours de r\u00e9alisation.<\/p>\n<p><img loading=\"lazy\" decoding=\"async\" class=\"alignnone size-full wp-image-6302\" src=\"http:\/\/www.lacas.be\/wp-content\/uploads\/2017\/10\/automne-1.jpg\" alt=\"\" width=\"600\" height=\"450\" \/><\/p>\n<p><img loading=\"lazy\" decoding=\"async\" class=\"alignnone size-large wp-image-6303\" src=\"http:\/\/www.lacas.be\/wp-content\/uploads\/2017\/10\/automne-2.jpg\" alt=\"\" width=\"600\" height=\"450\" \/><\/p>\n<p>Et aussi du cassis et du myrtillier dans mon jardin qui se sont par\u00e9s des couleurs de saison !<\/p>\n<p><img loading=\"lazy\" decoding=\"async\" class=\"alignnone size-large wp-image-6304\" src=\"http:\/\/www.lacas.be\/wp-content\/uploads\/2017\/10\/automne-3.jpg\" alt=\"\" width=\"600\" height=\"450\" \/><\/p>\n<p><img loading=\"lazy\" decoding=\"async\" class=\"alignnone size-full wp-image-6300\" src=\"http:\/\/www.lacas.be\/wp-content\/uploads\/2017\/10\/lacas-8.jpg\" alt=\"\" width=\"600\" height=\"450\" \/><\/p>\n<p>Je vous souhaite une belle et douce semaine \u00e0 vous qui \u00eates pass\u00e9(e)s par ici.<\/p>\n","protected":false},"excerpt":{"rendered":"<p>Bonjour, C&rsquo;est par un\u00a0 dimanche ensoleill\u00e9 digne d&rsquo;un \u00e9t\u00e9 indien que je vous poste quelques photos de mes derni\u00e8res cartes dans les tons de saison. Je n&rsquo;ai pas pu choisir entre tous mes clich\u00e9s, ils me plaisaient tous &#8230; alors, &hellip; <a href=\"http:\/\/www.lacas.be\/?p=6292\">Continuer la lecture <span class=\"meta-nav\">&rarr;<\/span><\/a><\/p>\n","protected":false},"author":1,"featured_media":0,"comment_status":"open","ping_status":"open","sticky":false,"template":"","format":"standard","meta":{"footnotes":""},"categories":[19,18],"tags":[],"class_list":["post-6292","post","type-post","status-publish","format-standard","hentry","category-carterie","category-scrapbooking"],"_links":{"self":[{"href":"http:\/\/www.lacas.be\/index.php?rest_route=\/wp\/v2\/posts\/6292","targetHints":{"allow":["GET"]}}],"collection":[{"href":"http:\/\/www.lacas.be\/index.php?rest_route=\/wp\/v2\/posts"}],"about":[{"href":"http:\/\/www.lacas.be\/index.php?rest_route=\/wp\/v2\/types\/post"}],"author":[{"embeddable":true,"href":"http:\/\/www.lacas.be\/index.php?rest_route=\/wp\/v2\/users\/1"}],"replies":[{"embeddable":true,"href":"http:\/\/www.lacas.be\/index.php?rest_route=%2Fwp%2Fv2%2Fcomments&post=6292"}],"version-history":[{"count":2,"href":"http:\/\/www.lacas.be\/index.php?rest_route=\/wp\/v2\/posts\/6292\/revisions"}],"predecessor-version":[{"id":6306,"href":"http:\/\/www.lacas.be\/index.php?rest_route=\/wp\/v2\/posts\/6292\/revisions\/6306"}],"wp:attachment":[{"href":"http:\/\/www.lacas.be\/index.php?rest_route=%2Fwp%2Fv2%2Fmedia&parent=6292"}],"wp:term":[{"taxonomy":"category","embeddable":true,"href":"http:\/\/www.lacas.be\/index.php?rest_route=%2Fwp%2Fv2%2Fcategories&post=6292"},{"taxonomy":"post_tag","embeddable":true,"href":"http:\/\/www.lacas.be\/index.php?rest_route=%2Fwp%2Fv2%2Ftags&post=6292"}],"curies":[{"name":"wp","href":"https:\/\/api.w.org\/{rel}","templated":true}]}}