{"id":621,"date":"2013-06-25T08:59:49","date_gmt":"2013-06-25T08:59:49","guid":{"rendered":"http:\/\/www.lacas.be\/?p=621"},"modified":"2013-06-25T08:59:49","modified_gmt":"2013-06-25T08:59:49","slug":"sacs-et-colifichets","status":"publish","type":"post","link":"http:\/\/www.lacas.be\/?p=621","title":{"rendered":"Sacs et colifichets"},"content":{"rendered":"<p>Bonjour \u00e0 tous,<\/p>\n<p>J&rsquo;ai confectionn\u00e9 un sac de plage pour ma fille, un petit air de vacances pour oublier la grisaille de cette m\u00e9t\u00e9o pluvieuse et froide ! Pour une fois, je suis satisfaite de mon ouvrage, il est vrai que je me suis appliqu\u00e9e et surtout que j&rsquo;ai suivi \u00e0 la lettre les explications du mod\u00e8le &#8230; Ben oui, quand j&rsquo;en fais qu&rsquo;\u00e0 ma t\u00eate, c&rsquo;est toujours bancal !!!<\/p>\n<p><a href=\"http:\/\/www.lacas.be\/wp-content\/uploads\/2013\/06\/DSC_0014.jpg\"><img loading=\"lazy\" decoding=\"async\" class=\"aligncenter size-large wp-image-614\" alt=\"DSC_0014\" src=\"http:\/\/www.lacas.be\/wp-content\/uploads\/2013\/06\/DSC_0014-1024x685.jpg\" width=\"640\" height=\"428\" srcset=\"http:\/\/www.lacas.be\/wp-content\/uploads\/2013\/06\/DSC_0014-1024x685.jpg 1024w, http:\/\/www.lacas.be\/wp-content\/uploads\/2013\/06\/DSC_0014-300x200.jpg 300w\" sizes=\"auto, (max-width: 640px) 100vw, 640px\" \/><\/a>La broderie est extraite du site <a href=\"http:\/\/ioluli.blogspot.be\/\">http:\/\/ioluli.blogspot.be\/<\/a>\u00a0et j&rsquo;ai crochet\u00e9 la fleur en coton catania bleu fonc\u00e9 achet\u00e9 chez Veritas (cha\u00eene de mercerie en Belgique)&#8230; Il est doubl\u00e9 par du tissu fleuri de mes r\u00e9serves (merci, maman !)<\/p>\n<p>Pour l&rsquo;anecdote, ayant deux mains gauches et l&rsquo;intellect lent en mode bricolage, il m&rsquo;a fallu beaucoup de temps avant de comprendre le fonctionnement de la pose des oeillets; finalement, de guerre lasse, j&rsquo;ai abandonn\u00e9 la pince et utilis\u00e9 un bon vieux marteau ! Ce fut efficace !<\/p>\n<p>J&rsquo;ai \u00e9galement mont\u00e9 la broderie des moutons sur un sac de lin (home made !) qui me servira de rangement.<\/p>\n<p><a href=\"http:\/\/www.lacas.be\/wp-content\/uploads\/2013\/06\/DSC_0023.jpg\"><img loading=\"lazy\" decoding=\"async\" class=\"size-medium wp-image-617 alignleft\" alt=\"DSC_0023\" src=\"http:\/\/www.lacas.be\/wp-content\/uploads\/2013\/06\/DSC_0023-200x300.jpg\" width=\"200\" height=\"300\" srcset=\"http:\/\/www.lacas.be\/wp-content\/uploads\/2013\/06\/DSC_0023-200x300.jpg 200w, http:\/\/www.lacas.be\/wp-content\/uploads\/2013\/06\/DSC_0023-685x1024.jpg 685w\" sizes=\"auto, (max-width: 200px) 100vw, 200px\" \/><\/a><\/p>\n<p><a href=\"http:\/\/www.lacas.be\/wp-content\/uploads\/2013\/06\/DSC_0030.jpg\"><img loading=\"lazy\" decoding=\"async\" class=\"size-medium wp-image-618 alignleft\" alt=\"DSC_0030\" src=\"http:\/\/www.lacas.be\/wp-content\/uploads\/2013\/06\/DSC_0030-200x300.jpg\" width=\"200\" height=\"300\" \/><\/a>Ci-contre, ma premi\u00e8re broderie lorsque j&rsquo;ai repris cette activit\u00e9 manuelle l&rsquo;an dernier. Je l&rsquo;ai accroch\u00e9e \u00e0 des tiges d&rsquo;un bouquet de lavandes g\u00e9n\u00e9reusement partag\u00e9 par la belle famille de mon fils.<\/p>\n<p>&nbsp;<\/p>\n<p>&nbsp;<\/p>\n<p>&nbsp;<\/p>\n<p>Un bocal customis\u00e9 pour y ranger tous ces petits bouts de fils qui tra\u00eenent partout &#8230; une id\u00e9e du net&#8230;.<\/p>\n<p><img loading=\"lazy\" decoding=\"async\" class=\"size-thumbnail wp-image-619 alignnone\" alt=\"DSC_0031\" src=\"http:\/\/www.lacas.be\/wp-content\/uploads\/2013\/06\/DSC_0031-150x150.jpg\" width=\"150\" height=\"150\" \/><a href=\"http:\/\/www.lacas.be\/wp-content\/uploads\/2013\/06\/DSC_0034.jpg\"><img loading=\"lazy\" decoding=\"async\" class=\"size-thumbnail wp-image-620 alignnone\" alt=\"DSC_0034\" src=\"http:\/\/www.lacas.be\/wp-content\/uploads\/2013\/06\/DSC_0034-150x150.jpg\" width=\"132\" height=\"149\" \/><\/a><\/p>\n<p>Enfin, un cahier\u00a0de notes \u00a0que je tra\u00eene depuis des mois dans mon sac \u00e0 main et dans lequel figurent toutes mes id\u00e9es, histoire de ne pas les perdre au fur et \u00e0 mesure !!!<a href=\"http:\/\/www.lacas.be\/wp-content\/uploads\/2013\/06\/DSC_0020.jpg\"><img loading=\"lazy\" decoding=\"async\" class=\"aligncenter size-medium wp-image-615\" alt=\"DSC_0020\" src=\"http:\/\/www.lacas.be\/wp-content\/uploads\/2013\/06\/DSC_0020-200x300.jpg\" width=\"200\" height=\"300\" \/><\/a><\/p>\n<p>\u00a0A bient\u00f4t et belle journ\u00e9e \u00e0 toutes et tous.<\/p>\n<p>&nbsp;<\/p>\n","protected":false},"excerpt":{"rendered":"<p>Bonjour \u00e0 tous, J&rsquo;ai confectionn\u00e9 un sac de plage pour ma fille, un petit air de vacances pour oublier la grisaille de cette m\u00e9t\u00e9o pluvieuse et froide ! Pour une fois, je suis satisfaite de mon ouvrage, il est vrai &hellip; <a href=\"http:\/\/www.lacas.be\/?p=621\">Continuer la lecture <span class=\"meta-nav\">&rarr;<\/span><\/a><\/p>\n","protected":false},"author":1,"featured_media":0,"comment_status":"open","ping_status":"open","sticky":false,"template":"","format":"standard","meta":{"footnotes":""},"categories":[1],"tags":[],"class_list":["post-621","post","type-post","status-publish","format-standard","hentry","category-non-classe"],"_links":{"self":[{"href":"http:\/\/www.lacas.be\/index.php?rest_route=\/wp\/v2\/posts\/621","targetHints":{"allow":["GET"]}}],"collection":[{"href":"http:\/\/www.lacas.be\/index.php?rest_route=\/wp\/v2\/posts"}],"about":[{"href":"http:\/\/www.lacas.be\/index.php?rest_route=\/wp\/v2\/types\/post"}],"author":[{"embeddable":true,"href":"http:\/\/www.lacas.be\/index.php?rest_route=\/wp\/v2\/users\/1"}],"replies":[{"embeddable":true,"href":"http:\/\/www.lacas.be\/index.php?rest_route=%2Fwp%2Fv2%2Fcomments&post=621"}],"version-history":[{"count":25,"href":"http:\/\/www.lacas.be\/index.php?rest_route=\/wp\/v2\/posts\/621\/revisions"}],"predecessor-version":[{"id":646,"href":"http:\/\/www.lacas.be\/index.php?rest_route=\/wp\/v2\/posts\/621\/revisions\/646"}],"wp:attachment":[{"href":"http:\/\/www.lacas.be\/index.php?rest_route=%2Fwp%2Fv2%2Fmedia&parent=621"}],"wp:term":[{"taxonomy":"category","embeddable":true,"href":"http:\/\/www.lacas.be\/index.php?rest_route=%2Fwp%2Fv2%2Fcategories&post=621"},{"taxonomy":"post_tag","embeddable":true,"href":"http:\/\/www.lacas.be\/index.php?rest_route=%2Fwp%2Fv2%2Ftags&post=621"}],"curies":[{"name":"wp","href":"https:\/\/api.w.org\/{rel}","templated":true}]}}