{"id":6042,"date":"2017-07-30T17:36:34","date_gmt":"2017-07-30T17:36:34","guid":{"rendered":"http:\/\/www.lacas.be\/?p=6042"},"modified":"2017-07-30T17:36:34","modified_gmt":"2017-07-30T17:36:34","slug":"lisbonne-facon-project-life-3","status":"publish","type":"post","link":"http:\/\/www.lacas.be\/?p=6042","title":{"rendered":"Lisbonne fa\u00e7on project life (3)"},"content":{"rendered":"<p>Bonjour,<\/p>\n<p>J&rsquo;avance, j&rsquo;avance dans mon album sur Lisbonne 2016 &#8230; en voici quelques nouveaux extraits ! Les plus assidu(e)s\u00a0 ou observateurs (trices) de mon blog remarqueront que j&rsquo;ai ins\u00e9r\u00e9 sur cette page une carte aux dimensions PL made in Lacas r\u00e9alis\u00e9e avec de l&rsquo;encre Stazon sur un support plastique ( <a href=\"http:\/\/www.lacas.be\/?p=5855\">http:\/\/www.lacas.be\/?p=5855<\/a> ) et qui dans cette mise en page est ins\u00e9r\u00e9e de mani\u00e8re ind\u00e9pendante. L&rsquo;avez-vous rep\u00e9r\u00e9e ?? !!<\/p>\n<p><img loading=\"lazy\" decoding=\"async\" class=\"alignnone size-full wp-image-6056\" src=\"http:\/\/www.lacas.be\/wp-content\/uploads\/2017\/07\/blog-17.jpg\" alt=\"\" width=\"600\" height=\"372\" \/><\/p>\n<p><img loading=\"lazy\" decoding=\"async\" class=\"alignnone size-full wp-image-6055\" src=\"http:\/\/www.lacas.be\/wp-content\/uploads\/2017\/07\/blog-16.jpg\" alt=\"\" width=\"600\" height=\"741\" \/><\/p>\n<p>Des coquillages tels quels ou \u00e9miett\u00e9s font office de souvenirs \u00ab\u00a0naturels\u00a0\u00bb !<\/p>\n<p><img loading=\"lazy\" decoding=\"async\" class=\"alignnone size-full wp-image-6054\" src=\"http:\/\/www.lacas.be\/wp-content\/uploads\/2017\/07\/blog-15.jpg\" alt=\"\" width=\"600\" height=\"372\" \/><\/p>\n<p>Les vacances, c&rsquo;est aussi une occasion d&rsquo;apprendre, de d\u00e9couvrir &#8230; et de visiter les mus\u00e9es ! Ci-dessous, le mus\u00e9e de la Marine dont les maquettes de bateau sont une vraie merveille de pr\u00e9cision et de minutie !<\/p>\n<p><img loading=\"lazy\" decoding=\"async\" class=\"alignnone size-full wp-image-6053\" src=\"http:\/\/www.lacas.be\/wp-content\/uploads\/2017\/07\/blog-14-1.jpg\" alt=\"\" width=\"600\" height=\"389\" \/><\/p>\n<p><img loading=\"lazy\" decoding=\"async\" class=\"alignnone size-full wp-image-6052\" src=\"http:\/\/www.lacas.be\/wp-content\/uploads\/2017\/07\/blog-13-1.jpg\" alt=\"\" width=\"600\" height=\"450\" \/><\/p>\n<p><img loading=\"lazy\" decoding=\"async\" class=\"alignnone size-full wp-image-6051\" src=\"http:\/\/www.lacas.be\/wp-content\/uploads\/2017\/07\/blog-12-1.jpg\" alt=\"\" width=\"600\" height=\"450\" \/><\/p>\n<p>Je voudrais pour terminer vous partager la d\u00e9couverte de la \u00ab\u00a0petite foire\u00a0\u00bb, 7\u00e8me \u00e9dition, en alternative avec la 83\u00e8me foire agricole et foresti\u00e8re de Libramont qui draine quelques 200.000 personnes chaque ann\u00e9e durant 4 jours, ce qui repr\u00e9sente pour ma contr\u00e9e natale un \u00e9v\u00e9nement majeur. Mais cette petite foire de taille plus modeste (mais qui commence \u00e0 \u00eatre reconnue !!) est consacr\u00e9e uniquement au bio, \u00e0 l&rsquo;artisanat et \u00e0 l&rsquo;agriculture raisonn\u00e9e et \u00e9quitable et\u00a0 s&rsquo;adresse \u00e0 un public plus familial, le temps d&rsquo;un week-end. Un vrai plaisir des yeux et du palais &#8230; auquel je consacrerai un mini tout prochainement lorsque mes photos seront d\u00e9velopp\u00e9es. En voici quelques-unes &#8230;<\/p>\n<p><img loading=\"lazy\" decoding=\"async\" class=\"alignnone wp-image-6045\" src=\"http:\/\/www.lacas.be\/wp-content\/uploads\/2017\/07\/blog-4-3.jpg\" alt=\"\" width=\"221\" height=\"147\" \/>\u00a0 <img loading=\"lazy\" decoding=\"async\" class=\"alignnone wp-image-6047\" src=\"http:\/\/www.lacas.be\/wp-content\/uploads\/2017\/07\/blog5.jpg\" alt=\"\" width=\"311\" height=\"151\" \/><\/p>\n<p>Sans trop d&rsquo;effort &#8230; on pourrait s&rsquo;imaginer \u00eatre sur un march\u00e9 proven\u00e7al ! Ci-dessous des pelotes de laine.<\/p>\n<p><img loading=\"lazy\" decoding=\"async\" class=\"alignnone size-full wp-image-6043\" src=\"http:\/\/www.lacas.be\/wp-content\/uploads\/2017\/07\/blog-2-5.jpg\" alt=\"\" width=\"600\" height=\"662\" \/><\/p>\n<p>Et bien s\u00fbr, une foire agricole n&rsquo;est pas une foire agricole sans les animaux, ici, un cheval de trait et des moutons.<\/p>\n<p><img loading=\"lazy\" decoding=\"async\" class=\"alignnone wp-image-6048\" src=\"http:\/\/www.lacas.be\/wp-content\/uploads\/2017\/07\/blog7.jpg\" alt=\"\" width=\"269\" height=\"223\" \/> <img loading=\"lazy\" decoding=\"async\" class=\"alignnone wp-image-6046\" src=\"http:\/\/www.lacas.be\/wp-content\/uploads\/2017\/07\/blog-6-3.jpg\" alt=\"\" width=\"301\" height=\"226\" \/><\/p>\n<p>Je tenais \u00e0 poster ces photos car nous avons visit\u00e9 \u00e0 l&rsquo;impromptu et avec un vrai plaisir cette petite \u00ab\u00a0foire\u00a0\u00bb o\u00f9 nous retournerons l&rsquo;an prochain !<\/p>\n<p>Belle semaine \u00e0 vous qui \u00eates pass\u00e9(e) par ici !<\/p>\n","protected":false},"excerpt":{"rendered":"<p>Bonjour, J&rsquo;avance, j&rsquo;avance dans mon album sur Lisbonne 2016 &#8230; en voici quelques nouveaux extraits ! Les plus assidu(e)s\u00a0 ou observateurs (trices) de mon blog remarqueront que j&rsquo;ai ins\u00e9r\u00e9 sur cette page une carte aux dimensions PL made in Lacas &hellip; <a href=\"http:\/\/www.lacas.be\/?p=6042\">Continuer la lecture <span class=\"meta-nav\">&rarr;<\/span><\/a><\/p>\n","protected":false},"author":1,"featured_media":0,"comment_status":"open","ping_status":"open","sticky":false,"template":"","format":"standard","meta":{"footnotes":""},"categories":[3,18],"tags":[],"class_list":["post-6042","post","type-post","status-publish","format-standard","hentry","category-decouvertes","category-scrapbooking"],"_links":{"self":[{"href":"http:\/\/www.lacas.be\/index.php?rest_route=\/wp\/v2\/posts\/6042","targetHints":{"allow":["GET"]}}],"collection":[{"href":"http:\/\/www.lacas.be\/index.php?rest_route=\/wp\/v2\/posts"}],"about":[{"href":"http:\/\/www.lacas.be\/index.php?rest_route=\/wp\/v2\/types\/post"}],"author":[{"embeddable":true,"href":"http:\/\/www.lacas.be\/index.php?rest_route=\/wp\/v2\/users\/1"}],"replies":[{"embeddable":true,"href":"http:\/\/www.lacas.be\/index.php?rest_route=%2Fwp%2Fv2%2Fcomments&post=6042"}],"version-history":[{"count":5,"href":"http:\/\/www.lacas.be\/index.php?rest_route=\/wp\/v2\/posts\/6042\/revisions"}],"predecessor-version":[{"id":6061,"href":"http:\/\/www.lacas.be\/index.php?rest_route=\/wp\/v2\/posts\/6042\/revisions\/6061"}],"wp:attachment":[{"href":"http:\/\/www.lacas.be\/index.php?rest_route=%2Fwp%2Fv2%2Fmedia&parent=6042"}],"wp:term":[{"taxonomy":"category","embeddable":true,"href":"http:\/\/www.lacas.be\/index.php?rest_route=%2Fwp%2Fv2%2Fcategories&post=6042"},{"taxonomy":"post_tag","embeddable":true,"href":"http:\/\/www.lacas.be\/index.php?rest_route=%2Fwp%2Fv2%2Ftags&post=6042"}],"curies":[{"name":"wp","href":"https:\/\/api.w.org\/{rel}","templated":true}]}}