{"id":5970,"date":"2017-07-02T17:49:57","date_gmt":"2017-07-02T17:49:57","guid":{"rendered":"http:\/\/www.lacas.be\/?p=5970"},"modified":"2017-07-02T17:49:57","modified_gmt":"2017-07-02T17:49:57","slug":"lisbonne-facon-project-life-2","status":"publish","type":"post","link":"http:\/\/www.lacas.be\/?p=5970","title":{"rendered":"Lisbonne, fa\u00e7on project life (2)"},"content":{"rendered":"<p>Bonjour,<\/p>\n<p>C&rsquo;est sous un week-end pluvieux et froid pour la saison que je vous poste quelques photos de mon avanc\u00e9e dans l&rsquo;album en cours, clean &amp; simple et pourtant &#8230; que de <del>travail<\/del> d&rsquo;heures pass\u00e9es \u00e0 choisir et recouper\/recadrer photos, papiers et embellissements ! Mais c&rsquo;est pour le plaisir &#8230; alors, je ne me plains \u00e9videmment pas &#8230; \ud83d\ude42\u00a0 Tr\u00eave de bavardages, place aux photos !<\/p>\n<p><img loading=\"lazy\" decoding=\"async\" class=\"alignnone size-full wp-image-5971\" src=\"http:\/\/www.lacas.be\/wp-content\/uploads\/2017\/07\/blog-2.jpeg\" alt=\"blog-2\" width=\"600\" height=\"695\" \/><\/p>\n<p><img loading=\"lazy\" decoding=\"async\" class=\"alignnone size-full wp-image-5972\" src=\"http:\/\/www.lacas.be\/wp-content\/uploads\/2017\/07\/blog-4.jpeg\" alt=\"blog-4\" width=\"600\" height=\"434\" \/><\/p>\n<p>Les dies Sizzix carr\u00e9s \u00ab\u00a0couture\u00a0\u00bb sont pile de la dimension des 3 carr\u00e9s du dessus de mes pochettes &#8230; :), ce qui rend l&rsquo;agencement moins fastidieux (et plus rapide !) que de d\u00e9couper et d&rsquo;ajuster la taille \u00e0 la main\u00a0 !!<\/p>\n<p><img loading=\"lazy\" decoding=\"async\" class=\"alignnone size-full wp-image-5977\" src=\"http:\/\/www.lacas.be\/wp-content\/uploads\/2017\/07\/blog-9.jpg\" alt=\"blog-9\" width=\"600\" height=\"540\" \/><\/p>\n<p>le mot \u00ab\u00a0beach\u00a0\u00bb a \u00e9t\u00e9 coll\u00e9 \u00e0 m\u00eame la photo pour apporter un peu de relief \u00e0 la page (idem pour l&rsquo;\u00e9tiquette)<\/p>\n<p><img loading=\"lazy\" decoding=\"async\" class=\"alignnone size-full wp-image-5976\" src=\"http:\/\/www.lacas.be\/wp-content\/uploads\/2017\/07\/blog-8.jpg\" alt=\"blog-8\" width=\"600\" height=\"531\" \/><\/p>\n<p>J&rsquo;ai ins\u00e9r\u00e9 une feuille plastique textur\u00e9e au milieu des pochettes, je ne me souviens plus d&rsquo;o\u00f9 je tiens ce plastique assez souple qui <del>tra\u00eenait<\/del> \u00e9tait rang\u00e9 en rouleau dans mes armoires &#8230; un achat ancien ou une r\u00e9cup\u00e9ration de mat\u00e9riel \u00ab\u00a0piqu\u00e9\u00a0\u00bb \u00e0 mon homme.<\/p>\n<p><img loading=\"lazy\" decoding=\"async\" class=\"alignnone size-full wp-image-5974\" src=\"http:\/\/www.lacas.be\/wp-content\/uploads\/2017\/07\/blog-6.jpg\" alt=\"blog-6\" width=\"600\" height=\"466\" \/><\/p>\n<p>D\u00e9sol\u00e9e pour les reflets sur les photos &#8230; mais vu le manque de luminosit\u00e9 naturelle, la f\u00e9e \u00e9lectricit\u00e9 a \u00e9t\u00e9 sollicit\u00e9e chez nous depuis plusieurs jours ! Et la mati\u00e8re plastique des pochettes n&rsquo;aide pas !!! \ud83d\ude42<\/p>\n<p><img loading=\"lazy\" decoding=\"async\" class=\"alignnone size-full wp-image-5973\" src=\"http:\/\/www.lacas.be\/wp-content\/uploads\/2017\/07\/blog-5.jpg\" alt=\"blog-5\" width=\"600\" height=\"307\" \/><\/p>\n<p><img loading=\"lazy\" decoding=\"async\" class=\"alignnone size-full wp-image-5978\" src=\"http:\/\/www.lacas.be\/wp-content\/uploads\/2017\/07\/blog-10.jpg\" alt=\"blog-10\" width=\"600\" height=\"356\" \/><\/p>\n<p><img loading=\"lazy\" decoding=\"async\" class=\"alignnone size-full wp-image-5979\" src=\"http:\/\/www.lacas.be\/wp-content\/uploads\/2017\/07\/blog-11.jpg\" alt=\"blog-11\" width=\"600\" height=\"626\" \/><\/p>\n<p>Un petit zoom sur la d\u00e9coupe du bas de la photo pour apporter un peu d&rsquo;originalit\u00e9 \u00e0 la page.<\/p>\n<p><img loading=\"lazy\" decoding=\"async\" class=\"alignnone size-full wp-image-5980\" src=\"http:\/\/www.lacas.be\/wp-content\/uploads\/2017\/07\/blog-12.jpg\" alt=\"blog-12\" width=\"600\" height=\"689\" \/><\/p>\n<p>Et voil\u00e0, ce sera tout pour aujourd&rsquo;hui. Je vous remercie pour votre visite et vous souhaite une belle semaine de vacances ou non \ud83d\ude42<\/p>\n<p>&nbsp;<\/p>\n","protected":false},"excerpt":{"rendered":"<p>Bonjour, C&rsquo;est sous un week-end pluvieux et froid pour la saison que je vous poste quelques photos de mon avanc\u00e9e dans l&rsquo;album en cours, clean &amp; simple et pourtant &#8230; que de travail d&rsquo;heures pass\u00e9es \u00e0 choisir et recouper\/recadrer photos, &hellip; <a href=\"http:\/\/www.lacas.be\/?p=5970\">Continuer la lecture <span class=\"meta-nav\">&rarr;<\/span><\/a><\/p>\n","protected":false},"author":1,"featured_media":0,"comment_status":"open","ping_status":"open","sticky":false,"template":"","format":"standard","meta":{"footnotes":""},"categories":[18],"tags":[],"class_list":["post-5970","post","type-post","status-publish","format-standard","hentry","category-scrapbooking"],"_links":{"self":[{"href":"http:\/\/www.lacas.be\/index.php?rest_route=\/wp\/v2\/posts\/5970","targetHints":{"allow":["GET"]}}],"collection":[{"href":"http:\/\/www.lacas.be\/index.php?rest_route=\/wp\/v2\/posts"}],"about":[{"href":"http:\/\/www.lacas.be\/index.php?rest_route=\/wp\/v2\/types\/post"}],"author":[{"embeddable":true,"href":"http:\/\/www.lacas.be\/index.php?rest_route=\/wp\/v2\/users\/1"}],"replies":[{"embeddable":true,"href":"http:\/\/www.lacas.be\/index.php?rest_route=%2Fwp%2Fv2%2Fcomments&post=5970"}],"version-history":[{"count":5,"href":"http:\/\/www.lacas.be\/index.php?rest_route=\/wp\/v2\/posts\/5970\/revisions"}],"predecessor-version":[{"id":5987,"href":"http:\/\/www.lacas.be\/index.php?rest_route=\/wp\/v2\/posts\/5970\/revisions\/5987"}],"wp:attachment":[{"href":"http:\/\/www.lacas.be\/index.php?rest_route=%2Fwp%2Fv2%2Fmedia&parent=5970"}],"wp:term":[{"taxonomy":"category","embeddable":true,"href":"http:\/\/www.lacas.be\/index.php?rest_route=%2Fwp%2Fv2%2Fcategories&post=5970"},{"taxonomy":"post_tag","embeddable":true,"href":"http:\/\/www.lacas.be\/index.php?rest_route=%2Fwp%2Fv2%2Ftags&post=5970"}],"curies":[{"name":"wp","href":"https:\/\/api.w.org\/{rel}","templated":true}]}}