{"id":5956,"date":"2017-06-27T08:35:03","date_gmt":"2017-06-27T08:35:03","guid":{"rendered":"http:\/\/www.lacas.be\/?p=5956"},"modified":"2017-06-27T08:35:03","modified_gmt":"2017-06-27T08:35:03","slug":"summer-edition-1","status":"publish","type":"post","link":"http:\/\/www.lacas.be\/?p=5956","title":{"rendered":"Summer Edition 1"},"content":{"rendered":"<p>Bonjour<\/p>\n<p>Pour changer des mini-albums, j&rsquo;avais envie de mixed media (mais du light en ce qui me concerne !) et d&rsquo;un peu de patouille &#8230; J&rsquo;ai donc inaugur\u00e9 un nouveau carnet pour aquarelles !<\/p>\n<p><img loading=\"lazy\" decoding=\"async\" class=\"alignnone size-full wp-image-5958\" src=\"http:\/\/www.lacas.be\/wp-content\/uploads\/2017\/06\/blog-2-3.jpg\" alt=\"blog-2\" width=\"600\" height=\"450\" \/><\/p>\n<p>Pour le fond, j&rsquo;ai utilis\u00e9 de la couleur \u00e0 l&rsquo;eau (bleue et jaune moutarde), coll\u00e9 quelques morceaux de papiers d\u00e9chir\u00e9s (dont un d&rsquo;une pub qui indiquait \u00ab\u00a0summer edition\u00a0\u00bb, ce qui explique le titre !), tamponn\u00e9 de ci, de l\u00e0 et recouvert plusieurs fois le tout de gesso blanc.<\/p>\n<p><img loading=\"lazy\" decoding=\"async\" class=\"alignnone size-full wp-image-5959\" src=\"http:\/\/www.lacas.be\/wp-content\/uploads\/2017\/06\/blog-3-3.jpg\" alt=\"blog-3\" width=\"600\" height=\"448\" \/><\/p>\n<p>Pour la d\u00e9coration du fond, je me suis servie entre autres embellissements de coquillages (j&rsquo;en ai m\u00eame concass\u00e9 un au marteau &#8230;) pour donner un peu de relief &#8230; pas facile \u00e0 coller, j&rsquo;ai d\u00fb employer les grands moyens au niveau de la colle !!!!<\/p>\n<p><img loading=\"lazy\" decoding=\"async\" class=\"alignnone wp-image-5960\" src=\"http:\/\/www.lacas.be\/wp-content\/uploads\/2017\/06\/blog-4-3.jpg\" alt=\"blog-4\" width=\"595\" height=\"398\" \/><\/p>\n<p><img loading=\"lazy\" decoding=\"async\" class=\"alignnone wp-image-5961\" src=\"http:\/\/www.lacas.be\/wp-content\/uploads\/2017\/06\/blog-5-2.jpg\" alt=\"blog-5\" width=\"284\" height=\"321\" \/>\u00a0\u00a0\u00a0<img loading=\"lazy\" decoding=\"async\" class=\"alignnone wp-image-5962\" src=\"http:\/\/www.lacas.be\/wp-content\/uploads\/2017\/06\/blog-6.jpg\" alt=\"blog-6\" width=\"284\" height=\"327\" \/><\/p>\n<p>Et voil\u00e0 &#8230; \u00a0le th\u00e8me de cet \u00e9t\u00e9 chez Lacas sera le voyage !!!<\/p>\n<p><img loading=\"lazy\" decoding=\"async\" class=\"alignnone size-full wp-image-5957\" src=\"http:\/\/www.lacas.be\/wp-content\/uploads\/2017\/06\/blog-1-2.jpg\" alt=\"blog-1\" width=\"600\" height=\"426\" \/><\/p>\n<p>Vous risquez bien d&rsquo;ici quelques temps de voir des albums sur l&rsquo;Australie, l&rsquo;Italie ou encore Shanghai, Japon (ter) &#8230; le tout par globe-trotter interpos\u00e9s &#8230;. Quand je pense que je viens seulement de commencer le mini consacr\u00e9 \u00e0 Lisbonne \u00a0que mon fils a visit\u00e9 l&rsquo;an dernier .. \u00a0j&rsquo;aurai de quoi occuper mes futures longues soir\u00e9es d&rsquo;hiver, pas de souci ! \ud83d\ude42<\/p>\n<p>Belle semaine \u00e0 vous et merci pour votre visite.<\/p>\n<p>&nbsp;<\/p>\n","protected":false},"excerpt":{"rendered":"<p>Bonjour Pour changer des mini-albums, j&rsquo;avais envie de mixed media (mais du light en ce qui me concerne !) et d&rsquo;un peu de patouille &#8230; J&rsquo;ai donc inaugur\u00e9 un nouveau carnet pour aquarelles ! Pour le fond, j&rsquo;ai utilis\u00e9 de &hellip; <a href=\"http:\/\/www.lacas.be\/?p=5956\">Continuer la lecture <span class=\"meta-nav\">&rarr;<\/span><\/a><\/p>\n","protected":false},"author":1,"featured_media":0,"comment_status":"open","ping_status":"open","sticky":false,"template":"","format":"standard","meta":{"footnotes":""},"categories":[18],"tags":[],"class_list":["post-5956","post","type-post","status-publish","format-standard","hentry","category-scrapbooking"],"_links":{"self":[{"href":"http:\/\/www.lacas.be\/index.php?rest_route=\/wp\/v2\/posts\/5956","targetHints":{"allow":["GET"]}}],"collection":[{"href":"http:\/\/www.lacas.be\/index.php?rest_route=\/wp\/v2\/posts"}],"about":[{"href":"http:\/\/www.lacas.be\/index.php?rest_route=\/wp\/v2\/types\/post"}],"author":[{"embeddable":true,"href":"http:\/\/www.lacas.be\/index.php?rest_route=\/wp\/v2\/users\/1"}],"replies":[{"embeddable":true,"href":"http:\/\/www.lacas.be\/index.php?rest_route=%2Fwp%2Fv2%2Fcomments&post=5956"}],"version-history":[{"count":6,"href":"http:\/\/www.lacas.be\/index.php?rest_route=\/wp\/v2\/posts\/5956\/revisions"}],"predecessor-version":[{"id":5968,"href":"http:\/\/www.lacas.be\/index.php?rest_route=\/wp\/v2\/posts\/5956\/revisions\/5968"}],"wp:attachment":[{"href":"http:\/\/www.lacas.be\/index.php?rest_route=%2Fwp%2Fv2%2Fmedia&parent=5956"}],"wp:term":[{"taxonomy":"category","embeddable":true,"href":"http:\/\/www.lacas.be\/index.php?rest_route=%2Fwp%2Fv2%2Fcategories&post=5956"},{"taxonomy":"post_tag","embeddable":true,"href":"http:\/\/www.lacas.be\/index.php?rest_route=%2Fwp%2Fv2%2Ftags&post=5956"}],"curies":[{"name":"wp","href":"https:\/\/api.w.org\/{rel}","templated":true}]}}