{"id":5932,"date":"2017-06-20T17:18:52","date_gmt":"2017-06-20T17:18:52","guid":{"rendered":"http:\/\/www.lacas.be\/?p=5932"},"modified":"2017-06-20T17:18:52","modified_gmt":"2017-06-20T17:18:52","slug":"lisbonne-facon-project-life","status":"publish","type":"post","link":"http:\/\/www.lacas.be\/?p=5932","title":{"rendered":"Lisbonne, fa\u00e7on project life"},"content":{"rendered":"<p><span style=\"color: #003366;\">Bonjour,<\/span><\/p>\n<p>Une fois n&rsquo;est pas coutume ! je vous livre quelques photos de mon occupation du moment, \u00e0 savoir un album sur Lisbonne, fa\u00e7on project life &#8230;\u00a0 Ce sont les premi\u00e8res pages qui me serviront de base au niveau des couleurs, journaling et embellissements encore \u00e0 y ins\u00e9rer mais l&rsquo;id\u00e9e d&rsquo;adapter un album project life m&rsquo;attirait depuis un moment. J&rsquo;ai donc acquis le mat\u00e9riel\u00a0 ad hoc (album de 20 sur 20, pochettes) pour y glisser des photos de 2016 !!<\/p>\n<p><img loading=\"lazy\" decoding=\"async\" class=\"alignnone wp-image-5949\" src=\"http:\/\/www.lacas.be\/wp-content\/uploads\/2017\/06\/blog-4-2.jpg\" alt=\"blog-4\" width=\"775\" height=\"522\" \/><\/p>\n<p><img loading=\"lazy\" decoding=\"async\" class=\"alignnone wp-image-5948\" src=\"http:\/\/www.lacas.be\/wp-content\/uploads\/2017\/06\/blog-3-2.jpg\" alt=\"blog-3\" width=\"776\" height=\"428\" \/><\/p>\n<p><img loading=\"lazy\" decoding=\"async\" class=\"alignnone wp-image-5947\" src=\"http:\/\/www.lacas.be\/wp-content\/uploads\/2017\/06\/blog-2-2.jpg\" alt=\"blog-2\" width=\"781\" height=\"424\" \/><\/p>\n<p><img loading=\"lazy\" decoding=\"async\" class=\"alignnone wp-image-5950\" src=\"http:\/\/www.lacas.be\/wp-content\/uploads\/2017\/06\/blog-5-1.jpg\" alt=\"blog-5\" width=\"785\" height=\"415\" \/><\/p>\n<p>Je pense que je vais ins\u00e9rer entre les pochettes d&rsquo;autres mati\u00e8res (pages en tissu\/lin, transparents &#8230;), histoire de donner une touche d&rsquo;originalit\u00e9 et de changer un peu de mes habitudes.<\/p>\n<p>Merci de votre visite.<\/p>\n<p>&nbsp;<\/p>\n<p>&nbsp;<\/p>\n<p>&nbsp;<\/p>\n","protected":false},"excerpt":{"rendered":"<p>Bonjour, Une fois n&rsquo;est pas coutume ! je vous livre quelques photos de mon occupation du moment, \u00e0 savoir un album sur Lisbonne, fa\u00e7on project life &#8230;\u00a0 Ce sont les premi\u00e8res pages qui me serviront de base au niveau des &hellip; <a href=\"http:\/\/www.lacas.be\/?p=5932\">Continuer la lecture <span class=\"meta-nav\">&rarr;<\/span><\/a><\/p>\n","protected":false},"author":1,"featured_media":0,"comment_status":"open","ping_status":"open","sticky":false,"template":"","format":"standard","meta":{"footnotes":""},"categories":[18],"tags":[],"class_list":["post-5932","post","type-post","status-publish","format-standard","hentry","category-scrapbooking"],"_links":{"self":[{"href":"http:\/\/www.lacas.be\/index.php?rest_route=\/wp\/v2\/posts\/5932","targetHints":{"allow":["GET"]}}],"collection":[{"href":"http:\/\/www.lacas.be\/index.php?rest_route=\/wp\/v2\/posts"}],"about":[{"href":"http:\/\/www.lacas.be\/index.php?rest_route=\/wp\/v2\/types\/post"}],"author":[{"embeddable":true,"href":"http:\/\/www.lacas.be\/index.php?rest_route=\/wp\/v2\/users\/1"}],"replies":[{"embeddable":true,"href":"http:\/\/www.lacas.be\/index.php?rest_route=%2Fwp%2Fv2%2Fcomments&post=5932"}],"version-history":[{"count":10,"href":"http:\/\/www.lacas.be\/index.php?rest_route=\/wp\/v2\/posts\/5932\/revisions"}],"predecessor-version":[{"id":5954,"href":"http:\/\/www.lacas.be\/index.php?rest_route=\/wp\/v2\/posts\/5932\/revisions\/5954"}],"wp:attachment":[{"href":"http:\/\/www.lacas.be\/index.php?rest_route=%2Fwp%2Fv2%2Fmedia&parent=5932"}],"wp:term":[{"taxonomy":"category","embeddable":true,"href":"http:\/\/www.lacas.be\/index.php?rest_route=%2Fwp%2Fv2%2Fcategories&post=5932"},{"taxonomy":"post_tag","embeddable":true,"href":"http:\/\/www.lacas.be\/index.php?rest_route=%2Fwp%2Fv2%2Ftags&post=5932"}],"curies":[{"name":"wp","href":"https:\/\/api.w.org\/{rel}","templated":true}]}}