{"id":5783,"date":"2017-04-30T16:23:23","date_gmt":"2017-04-30T16:23:23","guid":{"rendered":"http:\/\/www.lacas.be\/?p=5783"},"modified":"2017-04-30T16:23:23","modified_gmt":"2017-04-30T16:23:23","slug":"encore-des-cartes-danniversaire","status":"publish","type":"post","link":"http:\/\/www.lacas.be\/?p=5783","title":{"rendered":"Encore des cartes d&rsquo;anniversaire &#8230;"},"content":{"rendered":"<p>3 cartes d&rsquo;anniversaire tr\u00e8s diff\u00e9rentes les unes des autres pour ce WE prolong\u00e9 du 1er mai &#8230; qui tombe un lundi &#8230;&#8230;.. Yesssss !<\/p>\n<p>Tout d&rsquo;abord, une carte printani\u00e8re par ses coloris et ses fleurs :<\/p>\n<p><img loading=\"lazy\" decoding=\"async\" class=\"alignnone size-full wp-image-5788\" src=\"http:\/\/www.lacas.be\/wp-content\/uploads\/2017\/04\/blog-5-1.jpg\" alt=\"blog-5\" width=\"3391\" height=\"2335\" \/><\/p>\n<p>Les tags proviennent d&rsquo;un die r\u00e9cemment achet\u00e9 \u00e0 la boutique \u00a0\u00bb la compagnie des elfes\u00a0\u00bb qui propose des produits de qualit\u00e9, personnalisables et \u00e0 la livraison rapide (command\u00e9 le mardi en France, re\u00e7u dans ma BAL le vendredi en Belgique !) Ci-dessous d\u00e9tails de l&rsquo;enveloppe :<\/p>\n<p><img loading=\"lazy\" decoding=\"async\" class=\"alignnone size-full wp-image-5789\" src=\"http:\/\/www.lacas.be\/wp-content\/uploads\/2017\/04\/blog-6.jpg\" alt=\"blog-6\" width=\"3745\" height=\"2438\" \/><\/p>\n<p>Un home deco et sa carte assortie \u00e0 la g\u00e9om\u00e9trie plus moderne sur base pour le centre du ch\u00e2ssis d&rsquo;un mod\u00e8le d&rsquo;une revue de scrap (Passion Scrapbooking ou Esprit Scrap, je ne sais plus !!) dans une tonalit\u00e9 bleu \u00e9meraude.<\/p>\n<p><img loading=\"lazy\" decoding=\"async\" class=\"alignnone size-full wp-image-5786\" src=\"http:\/\/www.lacas.be\/wp-content\/uploads\/2017\/04\/blog-3-3.jpg\" alt=\"blog-3\" width=\"2558\" height=\"2395\" \/><\/p>\n<p>J&rsquo;ai encr\u00e9 pr\u00e9alablement un ch\u00e2ssis de 20 sur 20 avec l&rsquo;encre \u00ab\u00a0Mers du Sud\u00a0\u00bb de Floricolor qui s&rsquo;accorde tr\u00e8s bien \u00e0 mes yeux avec la photo noir et blanc ! J&rsquo;esp\u00e8re que la destinatrice n&rsquo;aura pas l&rsquo;id\u00e9e saugrenue de faire un tour sur mon blog d&rsquo;ici la r\u00e9ception postale mardi prochain ! Mais je ne crois pas !!! \ud83d\ude42 La carte est assortie via les couleurs et les m\u00eames tampons.<\/p>\n<p><img loading=\"lazy\" decoding=\"async\" class=\"alignnone size-full wp-image-5787\" src=\"http:\/\/www.lacas.be\/wp-content\/uploads\/2017\/04\/blog-4-2.jpg\" alt=\"blog-4\" width=\"2314\" height=\"2426\" \/><\/p>\n<p>Enfin, ce que j&rsquo;appelle un \u00ab\u00a0prototype\u00a0\u00bb c\u00e0d un essai (le deuxi\u00e8me quand m\u00eame !!) pas tr\u00e8s concluant car de guingois, mais l&rsquo;id\u00e9e est l\u00e0 &#8230; on ne r\u00e9ussit pas toujours tout en scrap du premier ou deuxi\u00e8me coup !!!\u00a0 je ne l&rsquo;ai pas envoy\u00e9e n&rsquo;\u00e9tant pas satisfaite du r\u00e9sultat, je la referai un jour &#8230; il s&rsquo;agit d&rsquo;une carte 3 D qui se replie \u00e0 plat dans l&rsquo;enveloppe &#8230; elle doit faire son petit effet quand on la re\u00e7oit &#8230; \ud83d\ude42 Et le tuto est sur le net, il date d\u00e9j\u00e0 de quelques ann\u00e9es &#8230;<\/p>\n<p><img loading=\"lazy\" decoding=\"async\" class=\"alignnone wp-image-5785\" src=\"http:\/\/www.lacas.be\/wp-content\/uploads\/2017\/04\/blog-2-3.jpg\" alt=\"blog-2\" width=\"222\" height=\"170\" \/>\u00a0 <img loading=\"lazy\" decoding=\"async\" class=\"alignnone wp-image-5784\" src=\"http:\/\/www.lacas.be\/wp-content\/uploads\/2017\/04\/blog-1-3.jpg\" alt=\"blog-1\" width=\"211\" height=\"168\" \/><\/p>\n<p>Belle semaine et merci pour votre visite !<\/p>\n","protected":false},"excerpt":{"rendered":"<p>3 cartes d&rsquo;anniversaire tr\u00e8s diff\u00e9rentes les unes des autres pour ce WE prolong\u00e9 du 1er mai &#8230; qui tombe un lundi &#8230;&#8230;.. Yesssss ! Tout d&rsquo;abord, une carte printani\u00e8re par ses coloris et ses fleurs : Les tags proviennent d&rsquo;un &hellip; <a href=\"http:\/\/www.lacas.be\/?p=5783\">Continuer la lecture <span class=\"meta-nav\">&rarr;<\/span><\/a><\/p>\n","protected":false},"author":1,"featured_media":0,"comment_status":"open","ping_status":"open","sticky":false,"template":"","format":"standard","meta":{"footnotes":""},"categories":[19,1,18],"tags":[],"class_list":["post-5783","post","type-post","status-publish","format-standard","hentry","category-carterie","category-non-classe","category-scrapbooking"],"_links":{"self":[{"href":"http:\/\/www.lacas.be\/index.php?rest_route=\/wp\/v2\/posts\/5783","targetHints":{"allow":["GET"]}}],"collection":[{"href":"http:\/\/www.lacas.be\/index.php?rest_route=\/wp\/v2\/posts"}],"about":[{"href":"http:\/\/www.lacas.be\/index.php?rest_route=\/wp\/v2\/types\/post"}],"author":[{"embeddable":true,"href":"http:\/\/www.lacas.be\/index.php?rest_route=\/wp\/v2\/users\/1"}],"replies":[{"embeddable":true,"href":"http:\/\/www.lacas.be\/index.php?rest_route=%2Fwp%2Fv2%2Fcomments&post=5783"}],"version-history":[{"count":5,"href":"http:\/\/www.lacas.be\/index.php?rest_route=\/wp\/v2\/posts\/5783\/revisions"}],"predecessor-version":[{"id":5794,"href":"http:\/\/www.lacas.be\/index.php?rest_route=\/wp\/v2\/posts\/5783\/revisions\/5794"}],"wp:attachment":[{"href":"http:\/\/www.lacas.be\/index.php?rest_route=%2Fwp%2Fv2%2Fmedia&parent=5783"}],"wp:term":[{"taxonomy":"category","embeddable":true,"href":"http:\/\/www.lacas.be\/index.php?rest_route=%2Fwp%2Fv2%2Fcategories&post=5783"},{"taxonomy":"post_tag","embeddable":true,"href":"http:\/\/www.lacas.be\/index.php?rest_route=%2Fwp%2Fv2%2Ftags&post=5783"}],"curies":[{"name":"wp","href":"https:\/\/api.w.org\/{rel}","templated":true}]}}