{"id":5658,"date":"2017-03-18T17:54:54","date_gmt":"2017-03-18T17:54:54","guid":{"rendered":"http:\/\/www.lacas.be\/?p=5658"},"modified":"2017-03-18T17:54:54","modified_gmt":"2017-03-18T17:54:54","slug":"spring-greetings","status":"publish","type":"post","link":"http:\/\/www.lacas.be\/?p=5658","title":{"rendered":"Spring greetings"},"content":{"rendered":"<p>Bonjour,<\/p>\n<p>Voeux de printemps &#8230; si le printemps m\u00e9t\u00e9orologique est d\u00e9j\u00e0 une r\u00e9alit\u00e9 sous <del>nos<\/del> les latitudes septentrionales :), il d\u00e9butera officiellement dans 3 jours &#8230; j&rsquo;ai voulu le c\u00e9l\u00e9brer \u00e0 ma fa\u00e7on par une page de scrap made in Lacas.<\/p>\n<p><img loading=\"lazy\" decoding=\"async\" class=\"alignnone size-full wp-image-5660\" src=\"http:\/\/www.lacas.be\/wp-content\/uploads\/2017\/03\/blog-1.jpeg\" alt=\"blog-1\" width=\"2278\" height=\"1615\" \/><\/p>\n<p>Vert et marron sur un (<del>demi<\/del> 3\/4) fond des \u00ab\u00a0Papiers de Pandore\u00a0\u00bb, collection winter song. La page est en A4, beaucoup plus facile \u00e0 ins\u00e9rer dans un classeur tout \u00e0 fait classique que les 30,5 sur 30, 5 cms dont je ne suis pas une adepte inconditionnelle mais que j&rsquo;utilise quand m\u00eame car force est de constater que l&rsquo;on peut s&rsquo;y \u00ab\u00a0\u00e9taler\u00a0\u00bb davantage &#8230; !<\/p>\n<p>En d\u00e9tails :<\/p>\n<p><img loading=\"lazy\" decoding=\"async\" class=\"alignnone wp-image-5661\" src=\"http:\/\/www.lacas.be\/wp-content\/uploads\/2017\/03\/blog-2.jpeg\" alt=\"blog-2\" width=\"275\" height=\"344\" \/>\u00a0 <img loading=\"lazy\" decoding=\"async\" class=\"alignnone wp-image-5659\" src=\"http:\/\/www.lacas.be\/wp-content\/uploads\/2017\/03\/BLOG-3.jpeg\" alt=\"blog-3\" width=\"269\" height=\"341\" \/><\/p>\n<p>Un coeur des fleurs en papier a \u00e9t\u00e9 r\u00e9alis\u00e9 avec un fil de jute, un autre avec un bout de plume (printemps oblige !!!). Des brads, un tamponnage, un rub-on et des d\u00e9coupes compl\u00e8tent la page. La photographie de la foug\u00e8re d\u00e9velopp\u00e9e en format de 17 sur 12 cms n&rsquo;est pas de moi mais de F. Gerardy qui m&rsquo;en a confi\u00e9 un exemplaire et je l&rsquo;en remercie.<\/p>\n<p>Beau week-end \u00e0 vous.<\/p>\n","protected":false},"excerpt":{"rendered":"<p>Bonjour, Voeux de printemps &#8230; si le printemps m\u00e9t\u00e9orologique est d\u00e9j\u00e0 une r\u00e9alit\u00e9 sous nos les latitudes septentrionales :), il d\u00e9butera officiellement dans 3 jours &#8230; j&rsquo;ai voulu le c\u00e9l\u00e9brer \u00e0 ma fa\u00e7on par une page de scrap made in &hellip; <a href=\"http:\/\/www.lacas.be\/?p=5658\">Continuer la lecture <span class=\"meta-nav\">&rarr;<\/span><\/a><\/p>\n","protected":false},"author":1,"featured_media":0,"comment_status":"open","ping_status":"open","sticky":false,"template":"","format":"standard","meta":{"footnotes":""},"categories":[18],"tags":[],"class_list":["post-5658","post","type-post","status-publish","format-standard","hentry","category-scrapbooking"],"_links":{"self":[{"href":"http:\/\/www.lacas.be\/index.php?rest_route=\/wp\/v2\/posts\/5658","targetHints":{"allow":["GET"]}}],"collection":[{"href":"http:\/\/www.lacas.be\/index.php?rest_route=\/wp\/v2\/posts"}],"about":[{"href":"http:\/\/www.lacas.be\/index.php?rest_route=\/wp\/v2\/types\/post"}],"author":[{"embeddable":true,"href":"http:\/\/www.lacas.be\/index.php?rest_route=\/wp\/v2\/users\/1"}],"replies":[{"embeddable":true,"href":"http:\/\/www.lacas.be\/index.php?rest_route=%2Fwp%2Fv2%2Fcomments&post=5658"}],"version-history":[{"count":7,"href":"http:\/\/www.lacas.be\/index.php?rest_route=\/wp\/v2\/posts\/5658\/revisions"}],"predecessor-version":[{"id":5668,"href":"http:\/\/www.lacas.be\/index.php?rest_route=\/wp\/v2\/posts\/5658\/revisions\/5668"}],"wp:attachment":[{"href":"http:\/\/www.lacas.be\/index.php?rest_route=%2Fwp%2Fv2%2Fmedia&parent=5658"}],"wp:term":[{"taxonomy":"category","embeddable":true,"href":"http:\/\/www.lacas.be\/index.php?rest_route=%2Fwp%2Fv2%2Fcategories&post=5658"},{"taxonomy":"post_tag","embeddable":true,"href":"http:\/\/www.lacas.be\/index.php?rest_route=%2Fwp%2Fv2%2Ftags&post=5658"}],"curies":[{"name":"wp","href":"https:\/\/api.w.org\/{rel}","templated":true}]}}