{"id":5594,"date":"2017-02-19T18:14:36","date_gmt":"2017-02-19T18:14:36","guid":{"rendered":"http:\/\/www.lacas.be\/?p=5594"},"modified":"2017-02-19T18:14:36","modified_gmt":"2017-02-19T18:14:36","slug":"paysage-enneige","status":"publish","type":"post","link":"http:\/\/www.lacas.be\/?p=5594","title":{"rendered":"Paysage enneig\u00e9"},"content":{"rendered":"<p>Bonjour,<\/p>\n<p>En total contraste avec mon ent\u00eate trac\u00e9 dans le sable par l&rsquo;\u00e9migr\u00e9e martiniquaise, une page d&rsquo;hiver avec une photo prise il y a seulement un mois lors d&rsquo;une balade de ma moiti\u00e9 &#8230; j&rsquo;avais trouv\u00e9 le sujet int\u00e9ressant, notamment \u00e0 cause du tas de bois qui fait r\u00e9f\u00e9rence \u00e0 la \u00ab\u00a0flamb\u00e9e\u00a0\u00bb bien r\u00e9confortante quand le mercure ne d\u00e9passe pas le 0 degr\u00e9 le jour !<\/p>\n<p><img loading=\"lazy\" decoding=\"async\" class=\"alignnone size-full wp-image-5595\" src=\"http:\/\/www.lacas.be\/wp-content\/uploads\/2017\/02\/blog-1-hiver.jpeg\" alt=\"blog-1-hiver\" width=\"1614\" height=\"1663\" \/><\/p>\n<p>J&rsquo;ai fait d\u00e9velopper le clich\u00e9 en noir et blanc qui s&rsquo;harmonise avec n&rsquo;importe quel fond de page, ici de l&rsquo;Atelier de Karine re\u00e7u avec la box cr\u00e9ative de F\u00e9vrier, collection mint, choco et gourmandises. Un petit sachet en papier qui accompagnait le \u00ab\u00a0scrapboo&rsquo;kit\u00a0\u00bb et contenait quelques embellissements a \u00e9galement trouv\u00e9 place sur la page ! Rien ne se perd et tout se recycle en scrap\u00a0 &#8230;<\/p>\n<p><img loading=\"lazy\" decoding=\"async\" class=\"alignnone size-full wp-image-5596\" src=\"http:\/\/www.lacas.be\/wp-content\/uploads\/2017\/02\/hiver-2.jpeg\" alt=\"hiver-2\" width=\"1323\" height=\"1365\" \/><\/p>\n<p>Un peu d&rsquo;encre sepia d&rsquo;Ecoline, des \u00e9tiquettes toujours de la collection mint, choco et gourmandises, un dies, des dots ach\u00e8vent la page.<\/p>\n<p><img loading=\"lazy\" decoding=\"async\" class=\"alignnone size-full wp-image-5597\" src=\"http:\/\/www.lacas.be\/wp-content\/uploads\/2017\/02\/hiver-3.jpeg\" alt=\"hiver-3\" width=\"520\" height=\"699\" \/><\/p>\n<p>Et voil\u00e0 &#8230; une page de saison, simple et qui n&rsquo;a pas demand\u00e9 des heures de composition, que demander de plus \u00e0 la muse scrap quand le temps fait d\u00e9faut, quand l&rsquo;inspiration semble en panne, quand parfois, la cr\u00e9ativit\u00e9 ne se concr\u00e9tise pas comme on veut, quand, quand &#8230; les scrappeuses se reconna\u00eetront sans doute dans cette description ?!!!!<\/p>\n<p>Belle semaine \u00e0 tous et toutes et merci de votre visite.<\/p>\n","protected":false},"excerpt":{"rendered":"<p>Bonjour, En total contraste avec mon ent\u00eate trac\u00e9 dans le sable par l&rsquo;\u00e9migr\u00e9e martiniquaise, une page d&rsquo;hiver avec une photo prise il y a seulement un mois lors d&rsquo;une balade de ma moiti\u00e9 &#8230; j&rsquo;avais trouv\u00e9 le sujet int\u00e9ressant, notamment &hellip; <a href=\"http:\/\/www.lacas.be\/?p=5594\">Continuer la lecture <span class=\"meta-nav\">&rarr;<\/span><\/a><\/p>\n","protected":false},"author":1,"featured_media":0,"comment_status":"open","ping_status":"open","sticky":false,"template":"","format":"standard","meta":{"footnotes":""},"categories":[18],"tags":[],"class_list":["post-5594","post","type-post","status-publish","format-standard","hentry","category-scrapbooking"],"_links":{"self":[{"href":"http:\/\/www.lacas.be\/index.php?rest_route=\/wp\/v2\/posts\/5594","targetHints":{"allow":["GET"]}}],"collection":[{"href":"http:\/\/www.lacas.be\/index.php?rest_route=\/wp\/v2\/posts"}],"about":[{"href":"http:\/\/www.lacas.be\/index.php?rest_route=\/wp\/v2\/types\/post"}],"author":[{"embeddable":true,"href":"http:\/\/www.lacas.be\/index.php?rest_route=\/wp\/v2\/users\/1"}],"replies":[{"embeddable":true,"href":"http:\/\/www.lacas.be\/index.php?rest_route=%2Fwp%2Fv2%2Fcomments&post=5594"}],"version-history":[{"count":4,"href":"http:\/\/www.lacas.be\/index.php?rest_route=\/wp\/v2\/posts\/5594\/revisions"}],"predecessor-version":[{"id":5601,"href":"http:\/\/www.lacas.be\/index.php?rest_route=\/wp\/v2\/posts\/5594\/revisions\/5601"}],"wp:attachment":[{"href":"http:\/\/www.lacas.be\/index.php?rest_route=%2Fwp%2Fv2%2Fmedia&parent=5594"}],"wp:term":[{"taxonomy":"category","embeddable":true,"href":"http:\/\/www.lacas.be\/index.php?rest_route=%2Fwp%2Fv2%2Fcategories&post=5594"},{"taxonomy":"post_tag","embeddable":true,"href":"http:\/\/www.lacas.be\/index.php?rest_route=%2Fwp%2Fv2%2Ftags&post=5594"}],"curies":[{"name":"wp","href":"https:\/\/api.w.org\/{rel}","templated":true}]}}