{"id":5507,"date":"2017-01-23T11:52:43","date_gmt":"2017-01-23T11:52:43","guid":{"rendered":"http:\/\/www.lacas.be\/?p=5507"},"modified":"2017-01-23T11:52:43","modified_gmt":"2017-01-23T11:52:43","slug":"lardenne-en-hiver","status":"publish","type":"post","link":"http:\/\/www.lacas.be\/?p=5507","title":{"rendered":"L&rsquo;Ardenne en hiver"},"content":{"rendered":"<p>Bonjour,<\/p>\n<p>C&rsquo;est l&rsquo;hiver &#8230; un hiver particuli\u00e8rement froid depuis quelques semaines, les temp\u00e9ratures variant de moins 16 \u00e0 moins 6 degr\u00e9s. J&rsquo;avais commenc\u00e9 une page de saison fin d\u00e9cembre en vue de participer \u00e0 un d\u00e9fi sur le net mais\u00a0je ne l&rsquo;ai pas termin\u00e9e dans les d\u00e9lais impartis ! Ce week-end sous le gel permanent a donc \u00e9t\u00e9 source d&rsquo;inspiration pour la finaliser !<\/p>\n<p><img loading=\"lazy\" decoding=\"async\" class=\"alignnone wp-image-5508\" src=\"http:\/\/www.lacas.be\/wp-content\/uploads\/2017\/01\/2.jpg\" alt=\"2\" width=\"632\" height=\"615\" \/><\/p>\n<p>Les flocons ont \u00e9t\u00e9 tamponn\u00e9s, puis emboss\u00e9s . Quelques d\u00e9coupes encadrent une photo retravaill\u00e9e au niveau des couleurs pour harmoniser l&rsquo;ensemble de mes photos d&rsquo;hiver et des papiers choisis pour l&rsquo;album \u00e0 venir &#8230;<\/p>\n<p><img loading=\"lazy\" decoding=\"async\" class=\"alignnone wp-image-5508\" src=\"http:\/\/www.lacas.be\/wp-content\/uploads\/2017\/01\/2.jpg\" alt=\"2\" width=\"235\" height=\"228\" \/>\u00a0 \u00a0<img loading=\"lazy\" decoding=\"async\" class=\"alignnone wp-image-5510\" src=\"http:\/\/www.lacas.be\/wp-content\/uploads\/2017\/01\/d\u00e9tails-1.jpg\" alt=\"details-1\" width=\"192\" height=\"228\" \/><\/p>\n<p>La dimension de l&rsquo;album sera de 20 x 20 maximum avec sans doute des variantes d\u00e9structur\u00e9es pour changer un peu de ci, de l\u00e0, \u00a0en fonction de la \u00ab\u00a0Muse\u00a0\u00bb.<\/p>\n<p>A tr\u00e8s bient\u00f4t et merci pour votre visite.<\/p>\n<p>&nbsp;<\/p>\n","protected":false},"excerpt":{"rendered":"<p>Bonjour, C&rsquo;est l&rsquo;hiver &#8230; un hiver particuli\u00e8rement froid depuis quelques semaines, les temp\u00e9ratures variant de moins 16 \u00e0 moins 6 degr\u00e9s. J&rsquo;avais commenc\u00e9 une page de saison fin d\u00e9cembre en vue de participer \u00e0 un d\u00e9fi sur le net mais\u00a0je &hellip; <a href=\"http:\/\/www.lacas.be\/?p=5507\">Continuer la lecture <span class=\"meta-nav\">&rarr;<\/span><\/a><\/p>\n","protected":false},"author":1,"featured_media":0,"comment_status":"open","ping_status":"open","sticky":false,"template":"","format":"standard","meta":{"footnotes":""},"categories":[18],"tags":[],"class_list":["post-5507","post","type-post","status-publish","format-standard","hentry","category-scrapbooking"],"_links":{"self":[{"href":"http:\/\/www.lacas.be\/index.php?rest_route=\/wp\/v2\/posts\/5507","targetHints":{"allow":["GET"]}}],"collection":[{"href":"http:\/\/www.lacas.be\/index.php?rest_route=\/wp\/v2\/posts"}],"about":[{"href":"http:\/\/www.lacas.be\/index.php?rest_route=\/wp\/v2\/types\/post"}],"author":[{"embeddable":true,"href":"http:\/\/www.lacas.be\/index.php?rest_route=\/wp\/v2\/users\/1"}],"replies":[{"embeddable":true,"href":"http:\/\/www.lacas.be\/index.php?rest_route=%2Fwp%2Fv2%2Fcomments&post=5507"}],"version-history":[{"count":8,"href":"http:\/\/www.lacas.be\/index.php?rest_route=\/wp\/v2\/posts\/5507\/revisions"}],"predecessor-version":[{"id":5518,"href":"http:\/\/www.lacas.be\/index.php?rest_route=\/wp\/v2\/posts\/5507\/revisions\/5518"}],"wp:attachment":[{"href":"http:\/\/www.lacas.be\/index.php?rest_route=%2Fwp%2Fv2%2Fmedia&parent=5507"}],"wp:term":[{"taxonomy":"category","embeddable":true,"href":"http:\/\/www.lacas.be\/index.php?rest_route=%2Fwp%2Fv2%2Fcategories&post=5507"},{"taxonomy":"post_tag","embeddable":true,"href":"http:\/\/www.lacas.be\/index.php?rest_route=%2Fwp%2Fv2%2Ftags&post=5507"}],"curies":[{"name":"wp","href":"https:\/\/api.w.org\/{rel}","templated":true}]}}