{"id":5464,"date":"2017-01-15T14:45:44","date_gmt":"2017-01-15T14:45:44","guid":{"rendered":"http:\/\/www.lacas.be\/?p=5464"},"modified":"2017-01-15T14:46:50","modified_gmt":"2017-01-15T14:46:50","slug":"martinique-4-m","status":"publish","type":"post","link":"http:\/\/www.lacas.be\/?p=5464","title":{"rendered":"Martinique &#8211; 4 M"},"content":{"rendered":"<p>Bonjour,<\/p>\n<p>Tandis que nous grelottons en Ardenne enneig\u00e9e &#8230; qui s&rsquo;est par\u00e9e de ses plus beaux habits d&rsquo;hiver &#8230; <img loading=\"lazy\" decoding=\"async\" class=\"wp-image-5476 aligncenter\" src=\"http:\/\/www.lacas.be\/wp-content\/uploads\/2017\/01\/DSC_0115-1.jpg\" alt=\"dsc_0115\" width=\"689\" height=\"461\" \/><\/p>\n<p>d&rsquo;autres plus chanceux transpirent sous les tropiques !!! Un peu de couleur, de chaleur et de d\u00e9paysement pour cet album consacr\u00e9 au s\u00e9jour longue dur\u00e9e (Cfr titre &#8211;\u00a0 4 M = encore 4 mois !!) de ma fille en Martinique.<\/p>\n<p><img loading=\"lazy\" decoding=\"async\" class=\"alignnone wp-image-5468\" src=\"http:\/\/www.lacas.be\/wp-content\/uploads\/2017\/01\/martinique-5.jpg\" alt=\"martinique-5\" width=\"383\" height=\"526\" \/><\/p>\n<p>Apr\u00e8s l&rsquo;album du Japon l&rsquo;an dernier qui m&rsquo;avait donn\u00e9 du fil \u00e0 retordre au niveau de la reliure lorsque j&rsquo;ai eu termin\u00e9 toutes les pages, j&rsquo;ai choisi cette fois un cahier \u00ab\u00a0canson\u00a0\u00bb pour aquarelle d\u00e9j\u00e0 reli\u00e9 dans un format de 18 sur 25. Seul b\u00e9mol, il ne me faudra pas exag\u00e9rer sur l&rsquo;\u00e9paisseur des embellissements &#8230;.<\/p>\n<p><img loading=\"lazy\" decoding=\"async\" class=\"alignnone size-full wp-image-5466\" src=\"http:\/\/www.lacas.be\/wp-content\/uploads\/2017\/01\/DSC_0115.jpg\" alt=\"dsc_0115\" width=\"3872\" height=\"2592\" \/><\/p>\n<p>Des onglets s\u00e9pareront au fur et \u00e0 mesure les mois qui\u00a0 <del>passent<\/del> passeront, histoire de symboliser la dur\u00e9e et par l\u00e0 m\u00eame garder le moral \ud83d\ude42 Au moment o\u00f9 je poste, nous sommes en r\u00e9alit\u00e9 d\u00e9j\u00e0 \u00e0 &#8211; 3 M !!!<\/p>\n<p><img loading=\"lazy\" decoding=\"async\" class=\"alignnone size-full wp-image-5467\" src=\"http:\/\/www.lacas.be\/wp-content\/uploads\/2017\/01\/martinique-3.jpg\" alt=\"martinique-3\" width=\"3357\" height=\"2307\" \/><\/p>\n<p><img loading=\"lazy\" decoding=\"async\" class=\"alignnone size-full wp-image-5469\" src=\"http:\/\/www.lacas.be\/wp-content\/uploads\/2017\/01\/martinique-6.jpg\" alt=\"martinique-6\" width=\"3708\" height=\"1860\" \/><\/p>\n<p>La principale int\u00e9ress\u00e9e aura la possibilit\u00e9 de personnaliser quelque peu l&rsquo;album \u00e0 son retour, j&rsquo;ai choisi de lui laisser un peu d&rsquo;espace de ci, de l\u00e0\u00a0 et d&rsquo;am\u00e9nager des \u00ab\u00a0cachettes\u00a0\u00bb (sous forme d&rsquo;enveloppes, sachets,\u00a0 tags &#8230;etc) qui sont mat\u00e9rialis\u00e9es par un trombone ou un clip.<\/p>\n<p><img loading=\"lazy\" decoding=\"async\" class=\"alignnone size-full wp-image-5470\" src=\"http:\/\/www.lacas.be\/wp-content\/uploads\/2017\/01\/martinique-10.jpg\" alt=\"martinique-10\" width=\"3333\" height=\"2147\" \/><\/p>\n<p><img loading=\"lazy\" decoding=\"async\" class=\"alignnone size-full wp-image-5471\" src=\"http:\/\/www.lacas.be\/wp-content\/uploads\/2017\/01\/martinique-11.jpg\" alt=\"martinique-11\" width=\"3729\" height=\"2335\" \/><\/p>\n<p>Les pages que je posterai au fur et \u00e0 mesure de leur cr\u00e9ation subiront encore quelques modifications en fin de parcours afin d&rsquo;harmoniser et d&rsquo;unifier l&rsquo;ensemble de l&rsquo;album notamment au niveau des embellissements. Pour un album assez cons\u00e9quent, comportant des photos et des souvenirs tr\u00e8s diversifi\u00e9s, il me semble que c&rsquo;est la meilleure solution.<\/p>\n<p>En attendant, je vous souhaite une belle fin de week-end !<\/p>\n","protected":false},"excerpt":{"rendered":"<p>Bonjour, Tandis que nous grelottons en Ardenne enneig\u00e9e &#8230; qui s&rsquo;est par\u00e9e de ses plus beaux habits d&rsquo;hiver &#8230; d&rsquo;autres plus chanceux transpirent sous les tropiques !!! Un peu de couleur, de chaleur et de d\u00e9paysement pour cet album consacr\u00e9 &hellip; <a href=\"http:\/\/www.lacas.be\/?p=5464\">Continuer la lecture <span class=\"meta-nav\">&rarr;<\/span><\/a><\/p>\n","protected":false},"author":1,"featured_media":0,"comment_status":"open","ping_status":"open","sticky":false,"template":"","format":"standard","meta":{"footnotes":""},"categories":[18],"tags":[],"class_list":["post-5464","post","type-post","status-publish","format-standard","hentry","category-scrapbooking"],"_links":{"self":[{"href":"http:\/\/www.lacas.be\/index.php?rest_route=\/wp\/v2\/posts\/5464","targetHints":{"allow":["GET"]}}],"collection":[{"href":"http:\/\/www.lacas.be\/index.php?rest_route=\/wp\/v2\/posts"}],"about":[{"href":"http:\/\/www.lacas.be\/index.php?rest_route=\/wp\/v2\/types\/post"}],"author":[{"embeddable":true,"href":"http:\/\/www.lacas.be\/index.php?rest_route=\/wp\/v2\/users\/1"}],"replies":[{"embeddable":true,"href":"http:\/\/www.lacas.be\/index.php?rest_route=%2Fwp%2Fv2%2Fcomments&post=5464"}],"version-history":[{"count":14,"href":"http:\/\/www.lacas.be\/index.php?rest_route=\/wp\/v2\/posts\/5464\/revisions"}],"predecessor-version":[{"id":5487,"href":"http:\/\/www.lacas.be\/index.php?rest_route=\/wp\/v2\/posts\/5464\/revisions\/5487"}],"wp:attachment":[{"href":"http:\/\/www.lacas.be\/index.php?rest_route=%2Fwp%2Fv2%2Fmedia&parent=5464"}],"wp:term":[{"taxonomy":"category","embeddable":true,"href":"http:\/\/www.lacas.be\/index.php?rest_route=%2Fwp%2Fv2%2Fcategories&post=5464"},{"taxonomy":"post_tag","embeddable":true,"href":"http:\/\/www.lacas.be\/index.php?rest_route=%2Fwp%2Fv2%2Ftags&post=5464"}],"curies":[{"name":"wp","href":"https:\/\/api.w.org\/{rel}","templated":true}]}}