{"id":5236,"date":"2016-11-05T15:00:34","date_gmt":"2016-11-05T15:00:34","guid":{"rendered":"http:\/\/www.lacas.be\/?p=5236"},"modified":"2016-11-05T15:00:34","modified_gmt":"2016-11-05T15:00:34","slug":"page-anniversaire-la-fourmi-creative","status":"publish","type":"post","link":"http:\/\/www.lacas.be\/?p=5236","title":{"rendered":"Page anniversaire La Fourmi Cr\u00e9ative"},"content":{"rendered":"<p>Bonjour,<\/p>\n<p>Je participe en derni\u00e8re minute au challenge \u00ab\u00a0page\u00a0\u00bb organis\u00e9 par la boutique \u00ab\u00a0la fourmi cr\u00e9ative\u00a0\u00bb pour ses 11 ans d&rsquo;existence (<a href=\"http:\/\/www.lafourmicreative.fr\/3240-challenge-97\">http:\/\/www.lafourmicreative.fr\/3240-challenge-97<\/a>). Une seule contrainte : utiliser un polaroid &#8230;<\/p>\n<p>J&rsquo;ai voulu dans cette page illustrer diff\u00e9rentes facettes de la cr\u00e9ativit\u00e9 au sens large du terme (peinture, coloriage, broderie, scrap). La photo prise d&rsquo;une affiche tr\u00e8s color\u00e9e me paraissait adapt\u00e9e \u00e0 mon projet et j&rsquo;ai tout de suite su que je l&rsquo;int\u00e8grerais dans cette mise en sc\u00e8ne !<\/p>\n<p><img loading=\"lazy\" decoding=\"async\" class=\"alignnone size-large wp-image-5238\" src=\"http:\/\/www.lacas.be\/wp-content\/uploads\/2016\/11\/page-anniversaire-la-fourmi-1-Lacas.jpg\" alt=\"page-anniversaire-la-fourmi-1-lacas\" width=\"700\" height=\"703\" \/><\/p>\n<p>La page fait 20 sur 20 cms, mes dimensions pr\u00e9f\u00e9r\u00e9es ! J&rsquo;ai dispos\u00e9 un cadre polaroid de mani\u00e8re peu classique par souci d&rsquo;originalit\u00e9 \ud83d\ude42<\/p>\n<p><img loading=\"lazy\" decoding=\"async\" class=\"alignnone size-large wp-image-5240\" src=\"http:\/\/www.lacas.be\/wp-content\/uploads\/2016\/11\/blog-3.jpg\" alt=\"blog-3\" width=\"700\" height=\"469\" \/><\/p>\n<p>J&rsquo;ai utilis\u00e9 du Bazzil en papier de fond, du Swirlcards (collection toscane), des enamel dots, une enveloppe kraft, un morceau de canevas \u00e0 broder, un coeur en li\u00e8ge et du fil m\u00e9tallique bleut\u00e9. J&rsquo;aime assez cette composition fantaisiste \u00e0 l&rsquo;image du th\u00e8me pour lequel elle a \u00e9t\u00e9 r\u00e9alis\u00e9e ! Et surtout,\u00a0 j&rsquo;ai\u00a0 pu m&rsquo;\u00e9clater sans me soucier de coller droit &#8230;<\/p>\n<p><img loading=\"lazy\" decoding=\"async\" class=\"alignnone size-large wp-image-5241\" src=\"http:\/\/www.lacas.be\/wp-content\/uploads\/2016\/11\/blog-4.jpg\" alt=\"blog-4\" width=\"700\" height=\"327\" \/><\/p>\n<p>Les ciseaux de brodeuse sont un clin d&rsquo;oeil \u00e0 mes premiers \u00ab\u00a0amours cr\u00e9atifs\u00a0\u00bb !<\/p>\n<p><img loading=\"lazy\" decoding=\"async\" class=\"alignnone size-large wp-image-5242\" src=\"http:\/\/www.lacas.be\/wp-content\/uploads\/2016\/11\/page-anniversaire-La-Fourmi-Cre\u0301ative-Lacas.jpg\" alt=\"page-anniversaire-la-fourmi-creative-lacas\" width=\"700\" height=\"716\" \/><\/p>\n<p>Un tr\u00e8s beau week-end \u00e0 vous qui \u00eates pass\u00e9(e)s par ici !<\/p>\n<p>Fabienne<\/p>\n","protected":false},"excerpt":{"rendered":"<p>Bonjour, Je participe en derni\u00e8re minute au challenge \u00ab\u00a0page\u00a0\u00bb organis\u00e9 par la boutique \u00ab\u00a0la fourmi cr\u00e9ative\u00a0\u00bb pour ses 11 ans d&rsquo;existence (http:\/\/www.lafourmicreative.fr\/3240-challenge-97). Une seule contrainte : utiliser un polaroid &#8230; J&rsquo;ai voulu dans cette page illustrer diff\u00e9rentes facettes de la &hellip; <a href=\"http:\/\/www.lacas.be\/?p=5236\">Continuer la lecture <span class=\"meta-nav\">&rarr;<\/span><\/a><\/p>\n","protected":false},"author":1,"featured_media":0,"comment_status":"open","ping_status":"open","sticky":false,"template":"","format":"standard","meta":{"footnotes":""},"categories":[18],"tags":[],"class_list":["post-5236","post","type-post","status-publish","format-standard","hentry","category-scrapbooking"],"_links":{"self":[{"href":"http:\/\/www.lacas.be\/index.php?rest_route=\/wp\/v2\/posts\/5236","targetHints":{"allow":["GET"]}}],"collection":[{"href":"http:\/\/www.lacas.be\/index.php?rest_route=\/wp\/v2\/posts"}],"about":[{"href":"http:\/\/www.lacas.be\/index.php?rest_route=\/wp\/v2\/types\/post"}],"author":[{"embeddable":true,"href":"http:\/\/www.lacas.be\/index.php?rest_route=\/wp\/v2\/users\/1"}],"replies":[{"embeddable":true,"href":"http:\/\/www.lacas.be\/index.php?rest_route=%2Fwp%2Fv2%2Fcomments&post=5236"}],"version-history":[{"count":5,"href":"http:\/\/www.lacas.be\/index.php?rest_route=\/wp\/v2\/posts\/5236\/revisions"}],"predecessor-version":[{"id":5247,"href":"http:\/\/www.lacas.be\/index.php?rest_route=\/wp\/v2\/posts\/5236\/revisions\/5247"}],"wp:attachment":[{"href":"http:\/\/www.lacas.be\/index.php?rest_route=%2Fwp%2Fv2%2Fmedia&parent=5236"}],"wp:term":[{"taxonomy":"category","embeddable":true,"href":"http:\/\/www.lacas.be\/index.php?rest_route=%2Fwp%2Fv2%2Fcategories&post=5236"},{"taxonomy":"post_tag","embeddable":true,"href":"http:\/\/www.lacas.be\/index.php?rest_route=%2Fwp%2Fv2%2Ftags&post=5236"}],"curies":[{"name":"wp","href":"https:\/\/api.w.org\/{rel}","templated":true}]}}