{"id":5182,"date":"2016-10-24T15:20:25","date_gmt":"2016-10-24T15:20:25","guid":{"rendered":"http:\/\/www.lacas.be\/?p=5182"},"modified":"2016-10-25T13:13:52","modified_gmt":"2016-10-25T13:13:52","slug":"ma-saison-preferee","status":"publish","type":"post","link":"http:\/\/www.lacas.be\/?p=5182","title":{"rendered":"Ma saison pr\u00e9f\u00e9r\u00e9e"},"content":{"rendered":"<p>Une p&rsquo;tite page cette fois-ci bien de saison avec une photo d&rsquo;une composition florale de l&rsquo;an dernier \u00e0 pareille \u00e9poque.<\/p>\n<p><img loading=\"lazy\" decoding=\"async\" class=\"alignnone size-full wp-image-5184\" src=\"http:\/\/www.lacas.be\/wp-content\/uploads\/2016\/10\/automne-2.jpeg\" alt=\"automne-2\" width=\"1942\" height=\"1431\" \/><\/p>\n<p>Tamponnages, dies, superpositions de papier et quelques traits de marqueur noir ajout\u00e9s \u00e0\u00a0 un zeste de craie orange forment l&rsquo;essentiel de la r\u00e9alisation.<\/p>\n<p><img loading=\"lazy\" decoding=\"async\" class=\"alignnone wp-image-5186\" src=\"http:\/\/www.lacas.be\/wp-content\/uploads\/2016\/10\/automne-4.jpeg\" alt=\"automne-4\" width=\"296\" height=\"341\" \/>\u00a0\u00a0 <img loading=\"lazy\" decoding=\"async\" class=\"alignnone wp-image-5185\" src=\"http:\/\/www.lacas.be\/wp-content\/uploads\/2016\/10\/automne-3.jpeg\" alt=\"automne-3\" width=\"275\" height=\"347\" \/><\/p>\n<p>Le format de la page est de 25 sur 20 cms. Elle sera coll\u00e9e dans un album de 30 sur 30 aux pages noires dans lequel je rassemble toutes les pages \u00e9parses que je r\u00e9alise au fil de l&rsquo;inspiration et qui me plaisent le plus ! \u00e7a m&rsquo;\u00e9vite de devoir stocker dans une farde des pages de formats diff\u00e9rents que je ne regarde plus jamais ou pire, de les laisser d\u00e9p\u00e9rir au fond d&rsquo;une armoire ou d&rsquo;un tiroir !<\/p>\n<p><img loading=\"lazy\" decoding=\"async\" class=\"alignnone wp-image-5184\" src=\"http:\/\/www.lacas.be\/wp-content\/uploads\/2016\/10\/automne-2.jpeg\" alt=\"automne-2\" width=\"900\" height=\"663\" \/><\/p>\n<p><img loading=\"lazy\" decoding=\"async\" class=\"alignnone size-full wp-image-5183\" src=\"http:\/\/www.lacas.be\/wp-content\/uploads\/2016\/10\/automne-1.jpeg\" alt=\"automne-1\" width=\"1839\" height=\"1314\" \/><\/p>\n<p>A bient\u00f4t !<\/p>\n<p>&nbsp;<\/p>\n","protected":false},"excerpt":{"rendered":"<p>Une p&rsquo;tite page cette fois-ci bien de saison avec une photo d&rsquo;une composition florale de l&rsquo;an dernier \u00e0 pareille \u00e9poque. Tamponnages, dies, superpositions de papier et quelques traits de marqueur noir ajout\u00e9s \u00e0\u00a0 un zeste de craie orange forment l&rsquo;essentiel &hellip; <a href=\"http:\/\/www.lacas.be\/?p=5182\">Continuer la lecture <span class=\"meta-nav\">&rarr;<\/span><\/a><\/p>\n","protected":false},"author":1,"featured_media":0,"comment_status":"open","ping_status":"open","sticky":false,"template":"","format":"standard","meta":{"footnotes":""},"categories":[18],"tags":[],"class_list":["post-5182","post","type-post","status-publish","format-standard","hentry","category-scrapbooking"],"_links":{"self":[{"href":"http:\/\/www.lacas.be\/index.php?rest_route=\/wp\/v2\/posts\/5182","targetHints":{"allow":["GET"]}}],"collection":[{"href":"http:\/\/www.lacas.be\/index.php?rest_route=\/wp\/v2\/posts"}],"about":[{"href":"http:\/\/www.lacas.be\/index.php?rest_route=\/wp\/v2\/types\/post"}],"author":[{"embeddable":true,"href":"http:\/\/www.lacas.be\/index.php?rest_route=\/wp\/v2\/users\/1"}],"replies":[{"embeddable":true,"href":"http:\/\/www.lacas.be\/index.php?rest_route=%2Fwp%2Fv2%2Fcomments&post=5182"}],"version-history":[{"count":10,"href":"http:\/\/www.lacas.be\/index.php?rest_route=\/wp\/v2\/posts\/5182\/revisions"}],"predecessor-version":[{"id":5208,"href":"http:\/\/www.lacas.be\/index.php?rest_route=\/wp\/v2\/posts\/5182\/revisions\/5208"}],"wp:attachment":[{"href":"http:\/\/www.lacas.be\/index.php?rest_route=%2Fwp%2Fv2%2Fmedia&parent=5182"}],"wp:term":[{"taxonomy":"category","embeddable":true,"href":"http:\/\/www.lacas.be\/index.php?rest_route=%2Fwp%2Fv2%2Fcategories&post=5182"},{"taxonomy":"post_tag","embeddable":true,"href":"http:\/\/www.lacas.be\/index.php?rest_route=%2Fwp%2Fv2%2Ftags&post=5182"}],"curies":[{"name":"wp","href":"https:\/\/api.w.org\/{rel}","templated":true}]}}