{"id":5168,"date":"2016-10-20T06:11:34","date_gmt":"2016-10-20T06:11:34","guid":{"rendered":"http:\/\/www.lacas.be\/?p=5168"},"modified":"2016-10-20T06:11:34","modified_gmt":"2016-10-20T06:11:34","slug":"mon-essentiel","status":"publish","type":"post","link":"http:\/\/www.lacas.be\/?p=5168","title":{"rendered":"Mon essentiel"},"content":{"rendered":"<p>Bonjour,<\/p>\n<p>J&rsquo;ai re\u00e7u r\u00e9cemment la box cr\u00e9ative d&rsquo;octobre Scrapboo&rsquo;Kit, une petite merveille pleine de nouveaut\u00e9s comme la collection Entre les lignes de l&rsquo;Atelier de Karine que j&rsquo;ai utilis\u00e9 dans la page ci-dessous sur base (librement inspir\u00e9e !!) du sketch d&rsquo;octobre du blog\u00a0<a href=\"http:\/\/oscrap.canalblog.com\/\">http:\/\/oscrap.canalblog.com\/<\/a><\/p>\n<p><img loading=\"lazy\" decoding=\"async\" class=\"alignnone size-full wp-image-5169\" src=\"http:\/\/www.lacas.be\/wp-content\/uploads\/2016\/10\/blog-1-mon-essentiel-1.jpg\" alt=\"blog-1-mon-essentiel-1\" width=\"1805\" height=\"1887\" \/>La photo dont le cr\u00e9dit doit \u00eatre attribu\u00e9 \u00e0 celui qui l&rsquo;a prise (F. Gerardy) repr\u00e9sente un toit d&rsquo;ardoises, patrimoines de ma r\u00e9gion d&rsquo;origine, d&rsquo;o\u00f9 le titre \u00ab\u00a0mon essentiel\u00a0\u00bb, comme un retour aux sources !<\/p>\n<p><img loading=\"lazy\" decoding=\"async\" class=\"alignnone size-large wp-image-5170\" src=\"http:\/\/www.lacas.be\/wp-content\/uploads\/2016\/10\/blog-1-mon-essentiel-o.jpg\" alt=\"blog-1-mon-essentiel-o\" width=\"700\" height=\"481\" \/><\/p>\n<p>Papiers et\u00a0embellissements proviennent essentiellement de la box cr\u00e9ative. Deux petits angles dor\u00e9s de coins d&rsquo;album\u00a0soulignent et d\u00e9limitent la photo qui fait 11 x 17 cms.<\/p>\n<p><img loading=\"lazy\" decoding=\"async\" class=\"alignnone size-large wp-image-5171\" src=\"http:\/\/www.lacas.be\/wp-content\/uploads\/2016\/10\/blog-3-mon-essentiel.jpg\" alt=\"blog-3-mon-essentiel\" width=\"590\" height=\"1024\" \/><\/p>\n<p>Le temps automnal de ces derniers jours rimant avec d\u00e9ficit\u00a0de luminosit\u00e9, la qualit\u00e9 des photos en p\u00e2tit, d\u00e9sol\u00e9e !<\/p>\n<p>A tr\u00e8s bient\u00f4t et merci pour vos visites.<\/p>\n","protected":false},"excerpt":{"rendered":"<p>Bonjour, J&rsquo;ai re\u00e7u r\u00e9cemment la box cr\u00e9ative d&rsquo;octobre Scrapboo&rsquo;Kit, une petite merveille pleine de nouveaut\u00e9s comme la collection Entre les lignes de l&rsquo;Atelier de Karine que j&rsquo;ai utilis\u00e9 dans la page ci-dessous sur base (librement inspir\u00e9e !!) du sketch d&rsquo;octobre &hellip; <a href=\"http:\/\/www.lacas.be\/?p=5168\">Continuer la lecture <span class=\"meta-nav\">&rarr;<\/span><\/a><\/p>\n","protected":false},"author":1,"featured_media":0,"comment_status":"open","ping_status":"open","sticky":false,"template":"","format":"standard","meta":{"footnotes":""},"categories":[18],"tags":[],"class_list":["post-5168","post","type-post","status-publish","format-standard","hentry","category-scrapbooking"],"_links":{"self":[{"href":"http:\/\/www.lacas.be\/index.php?rest_route=\/wp\/v2\/posts\/5168","targetHints":{"allow":["GET"]}}],"collection":[{"href":"http:\/\/www.lacas.be\/index.php?rest_route=\/wp\/v2\/posts"}],"about":[{"href":"http:\/\/www.lacas.be\/index.php?rest_route=\/wp\/v2\/types\/post"}],"author":[{"embeddable":true,"href":"http:\/\/www.lacas.be\/index.php?rest_route=\/wp\/v2\/users\/1"}],"replies":[{"embeddable":true,"href":"http:\/\/www.lacas.be\/index.php?rest_route=%2Fwp%2Fv2%2Fcomments&post=5168"}],"version-history":[{"count":8,"href":"http:\/\/www.lacas.be\/index.php?rest_route=\/wp\/v2\/posts\/5168\/revisions"}],"predecessor-version":[{"id":5180,"href":"http:\/\/www.lacas.be\/index.php?rest_route=\/wp\/v2\/posts\/5168\/revisions\/5180"}],"wp:attachment":[{"href":"http:\/\/www.lacas.be\/index.php?rest_route=%2Fwp%2Fv2%2Fmedia&parent=5168"}],"wp:term":[{"taxonomy":"category","embeddable":true,"href":"http:\/\/www.lacas.be\/index.php?rest_route=%2Fwp%2Fv2%2Fcategories&post=5168"},{"taxonomy":"post_tag","embeddable":true,"href":"http:\/\/www.lacas.be\/index.php?rest_route=%2Fwp%2Fv2%2Ftags&post=5168"}],"curies":[{"name":"wp","href":"https:\/\/api.w.org\/{rel}","templated":true}]}}