{"id":516,"date":"2013-06-14T09:27:07","date_gmt":"2013-06-14T09:27:07","guid":{"rendered":"http:\/\/www.lacas.be\/?p=516"},"modified":"2013-06-23T15:13:52","modified_gmt":"2013-06-23T15:13:52","slug":"broderies-points-de-croix","status":"publish","type":"post","link":"http:\/\/www.lacas.be\/?p=516","title":{"rendered":"Broderies &#038; points de croix"},"content":{"rendered":"<p>Bonjour !<\/p>\n<p>En images quelques broderies encore \u00e0 finaliser, juste pour le plaisir &#8230;<\/p>\n<p style=\"text-align: left;\">Celles-ci sont tir\u00e9es du livre \u00ab\u00a0Tr\u00e9sors de brodeuse\u00a0\u00bb de C. Rigaudeau et M. Suarez. La broderie des moutons ne respecte pas tout \u00e0 fait l&rsquo;original, car j&rsquo;ai tout simplement fait l&rsquo;impasse sur certaines parties du mod\u00e8le &#8230;. un oubli !<a href=\"http:\/\/www.lacas.be\/wp-content\/uploads\/2013\/06\/14-06-2013-006.jpg\"><img loading=\"lazy\" decoding=\"async\" class=\"size-medium wp-image-517 alignright\" alt=\"14-06-2013 006\" src=\"http:\/\/www.lacas.be\/wp-content\/uploads\/2013\/06\/14-06-2013-006-200x300.jpg\" width=\"200\" height=\"300\" srcset=\"http:\/\/www.lacas.be\/wp-content\/uploads\/2013\/06\/14-06-2013-006-200x300.jpg 200w, http:\/\/www.lacas.be\/wp-content\/uploads\/2013\/06\/14-06-2013-006-685x1024.jpg 685w\" sizes=\"auto, (max-width: 200px) 100vw, 200px\" \/><\/a><a href=\"http:\/\/www.lacas.be\/wp-content\/uploads\/2013\/06\/14-06-2013-008.jpg\"><img loading=\"lazy\" decoding=\"async\" class=\"size-medium wp-image-598 alignnone\" alt=\"14-06-2013 008\" src=\"http:\/\/www.lacas.be\/wp-content\/uploads\/2013\/06\/14-06-2013-008-300x200.jpg\" width=\"300\" height=\"200\" srcset=\"http:\/\/www.lacas.be\/wp-content\/uploads\/2013\/06\/14-06-2013-008-300x200.jpg 300w, http:\/\/www.lacas.be\/wp-content\/uploads\/2013\/06\/14-06-2013-008-1024x685.jpg 1024w\" sizes=\"auto, (max-width: 300px) 100vw, 300px\" \/><\/a><\/p>\n<p>&nbsp;<\/p>\n<p style=\"text-align: left;\">\u00a0Un souhait bien d&rsquo;actualit\u00e9s, free du blog \u00ab\u00a0Histoires de Lin\u00a0\u00bb et adapt\u00e9 par mes soins &#8230;.<a href=\"http:\/\/www.lacas.be\/wp-content\/uploads\/2013\/06\/14-06-2013-016.jpg\"><img loading=\"lazy\" decoding=\"async\" class=\"aligncenter size-medium wp-image-602\" alt=\"14-06-2013 016\" src=\"http:\/\/www.lacas.be\/wp-content\/uploads\/2013\/06\/14-06-2013-016-300x200.jpg\" width=\"300\" height=\"200\" srcset=\"http:\/\/www.lacas.be\/wp-content\/uploads\/2013\/06\/14-06-2013-016-300x200.jpg 300w, http:\/\/www.lacas.be\/wp-content\/uploads\/2013\/06\/14-06-2013-016-1024x685.jpg 1024w\" sizes=\"auto, (max-width: 300px) 100vw, 300px\" \/><\/a><\/p>\n<p>Le buste d&rsquo;une belle dame est extrait du blog\u00a0\u00bb penepolisfree.blogspot\u00a0\u00bb, ici, aussi &#8230; quelques diff\u00e9rences avec le mod\u00e8le &#8230;<\/p>\n<p><a href=\"http:\/\/www.lacas.be\/wp-content\/uploads\/2013\/06\/14-06-2013-001.jpg\"><img loading=\"lazy\" decoding=\"async\" class=\"aligncenter size-medium wp-image-597\" alt=\"14-06-2013 001\" src=\"http:\/\/www.lacas.be\/wp-content\/uploads\/2013\/06\/14-06-2013-001-200x300.jpg\" width=\"200\" height=\"300\" srcset=\"http:\/\/www.lacas.be\/wp-content\/uploads\/2013\/06\/14-06-2013-001-200x300.jpg 200w, http:\/\/www.lacas.be\/wp-content\/uploads\/2013\/06\/14-06-2013-001-685x1024.jpg 685w\" sizes=\"auto, (max-width: 200px) 100vw, 200px\" \/><\/a><\/p>\n<p>Un petit cadre au motif printanier issu d&rsquo;une revue<\/p>\n<p><a href=\"http:\/\/www.lacas.be\/wp-content\/uploads\/2013\/06\/14-06-2013-018.jpg\"><img loading=\"lazy\" decoding=\"async\" class=\"aligncenter size-medium wp-image-599\" alt=\"14-06-2013 018\" src=\"http:\/\/www.lacas.be\/wp-content\/uploads\/2013\/06\/14-06-2013-018-300x200.jpg\" width=\"300\" height=\"200\" srcset=\"http:\/\/www.lacas.be\/wp-content\/uploads\/2013\/06\/14-06-2013-018-300x200.jpg 300w, http:\/\/www.lacas.be\/wp-content\/uploads\/2013\/06\/14-06-2013-018-1024x685.jpg 1024w\" sizes=\"auto, (max-width: 300px) 100vw, 300px\" \/><\/a><\/p>\n<p>Je vous souhaite une belle et douce journ\u00e9e ensoleill\u00e9e et bon courage \u00e0 tous les \u00e9tudiants.<\/p>\n<p>&nbsp;<\/p>\n","protected":false},"excerpt":{"rendered":"<p>Bonjour ! En images quelques broderies encore \u00e0 finaliser, juste pour le plaisir &#8230; Celles-ci sont tir\u00e9es du livre \u00ab\u00a0Tr\u00e9sors de brodeuse\u00a0\u00bb de C. Rigaudeau et M. Suarez. La broderie des moutons ne respecte pas tout \u00e0 fait l&rsquo;original, car &hellip; <a href=\"http:\/\/www.lacas.be\/?p=516\">Continuer la lecture <span class=\"meta-nav\">&rarr;<\/span><\/a><\/p>\n","protected":false},"author":1,"featured_media":0,"comment_status":"open","ping_status":"open","sticky":false,"template":"","format":"standard","meta":{"footnotes":""},"categories":[1],"tags":[],"class_list":["post-516","post","type-post","status-publish","format-standard","hentry","category-non-classe"],"_links":{"self":[{"href":"http:\/\/www.lacas.be\/index.php?rest_route=\/wp\/v2\/posts\/516","targetHints":{"allow":["GET"]}}],"collection":[{"href":"http:\/\/www.lacas.be\/index.php?rest_route=\/wp\/v2\/posts"}],"about":[{"href":"http:\/\/www.lacas.be\/index.php?rest_route=\/wp\/v2\/types\/post"}],"author":[{"embeddable":true,"href":"http:\/\/www.lacas.be\/index.php?rest_route=\/wp\/v2\/users\/1"}],"replies":[{"embeddable":true,"href":"http:\/\/www.lacas.be\/index.php?rest_route=%2Fwp%2Fv2%2Fcomments&post=516"}],"version-history":[{"count":9,"href":"http:\/\/www.lacas.be\/index.php?rest_route=\/wp\/v2\/posts\/516\/revisions"}],"predecessor-version":[{"id":594,"href":"http:\/\/www.lacas.be\/index.php?rest_route=\/wp\/v2\/posts\/516\/revisions\/594"}],"wp:attachment":[{"href":"http:\/\/www.lacas.be\/index.php?rest_route=%2Fwp%2Fv2%2Fmedia&parent=516"}],"wp:term":[{"taxonomy":"category","embeddable":true,"href":"http:\/\/www.lacas.be\/index.php?rest_route=%2Fwp%2Fv2%2Fcategories&post=516"},{"taxonomy":"post_tag","embeddable":true,"href":"http:\/\/www.lacas.be\/index.php?rest_route=%2Fwp%2Fv2%2Ftags&post=516"}],"curies":[{"name":"wp","href":"https:\/\/api.w.org\/{rel}","templated":true}]}}