{"id":5113,"date":"2016-09-30T16:49:03","date_gmt":"2016-09-30T16:49:03","guid":{"rendered":"http:\/\/www.lacas.be\/?p=5113"},"modified":"2016-09-30T16:49:03","modified_gmt":"2016-09-30T16:49:03","slug":"cadre-home-deco","status":"publish","type":"post","link":"http:\/\/www.lacas.be\/?p=5113","title":{"rendered":"Cadre home deco"},"content":{"rendered":"<p>Il m&rsquo;aura fallu 3 mois depuis la r\u00e9ception des photos pour composer ce home d\u00e9co sur chevalet,\u00a0 3 mois pour y penser, faire des essais, d\u00e9faire, refaire, laisser reposer et encore y penser et juste 2 heures pour le r\u00e9aliser effectivement un dimanche apr\u00e8s-midi\u00a0 sous le coup d&rsquo;une soudaine inspiration \ud83d\ude42\u00a0 Comme quoi la cr\u00e9ation est parfois capricieuse &#8230; mais je pense que la mise en sc\u00e8ne de ses petits-enfants a plu \u00e0 sa destinatrice.<\/p>\n<p><img loading=\"lazy\" decoding=\"async\" class=\"alignnone size-large wp-image-5115\" src=\"http:\/\/www.lacas.be\/wp-content\/uploads\/2016\/09\/blog-1-2.jpg\" alt=\"blog-1\" width=\"700\" height=\"766\" \/><\/p>\n<p>Un ch\u00e2ssis encr\u00e9 al\u00e9atoirement dans les tons des photos est entour\u00e9 de grosse ficelle sur son \u00e9paisseur, 3 tags cach\u00e9s et amovibles permettent d&rsquo;ins\u00e9rer des petits mots personnalis\u00e9s. Pour harmoniser le tout, j&rsquo;ai peint en blanc le chevalet qui \u00e9tait en bois naturel \u00e0 l&rsquo;origine.<\/p>\n<p><img loading=\"lazy\" decoding=\"async\" class=\"alignnone size-large wp-image-5116\" src=\"http:\/\/www.lacas.be\/wp-content\/uploads\/2016\/09\/blog-2-2.jpg\" alt=\"blog-2\" width=\"700\" height=\"712\" \/><\/p>\n<p>Quelques petites phrases sur les \u00e9toiles et les petits-enfants apportent une petite touche originale au tableau !<\/p>\n<p><img loading=\"lazy\" decoding=\"async\" class=\"alignnone size-large wp-image-5117\" src=\"http:\/\/www.lacas.be\/wp-content\/uploads\/2016\/09\/blog-3-2.jpg\" alt=\"blog-3\" width=\"700\" height=\"879\" \/><\/p>\n<p>Un encadrement polaroid et quelques motifs en bois peints en blanc font office d&#8217;embellissements.<\/p>\n<p>A bient\u00f4t !<\/p>\n","protected":false},"excerpt":{"rendered":"<p>Il m&rsquo;aura fallu 3 mois depuis la r\u00e9ception des photos pour composer ce home d\u00e9co sur chevalet,\u00a0 3 mois pour y penser, faire des essais, d\u00e9faire, refaire, laisser reposer et encore y penser et juste 2 heures pour le r\u00e9aliser &hellip; <a href=\"http:\/\/www.lacas.be\/?p=5113\">Continuer la lecture <span class=\"meta-nav\">&rarr;<\/span><\/a><\/p>\n","protected":false},"author":1,"featured_media":0,"comment_status":"open","ping_status":"open","sticky":false,"template":"","format":"standard","meta":{"footnotes":""},"categories":[1,17],"tags":[],"class_list":["post-5113","post","type-post","status-publish","format-standard","hentry","category-non-classe","category-home-made"],"_links":{"self":[{"href":"http:\/\/www.lacas.be\/index.php?rest_route=\/wp\/v2\/posts\/5113","targetHints":{"allow":["GET"]}}],"collection":[{"href":"http:\/\/www.lacas.be\/index.php?rest_route=\/wp\/v2\/posts"}],"about":[{"href":"http:\/\/www.lacas.be\/index.php?rest_route=\/wp\/v2\/types\/post"}],"author":[{"embeddable":true,"href":"http:\/\/www.lacas.be\/index.php?rest_route=\/wp\/v2\/users\/1"}],"replies":[{"embeddable":true,"href":"http:\/\/www.lacas.be\/index.php?rest_route=%2Fwp%2Fv2%2Fcomments&post=5113"}],"version-history":[{"count":7,"href":"http:\/\/www.lacas.be\/index.php?rest_route=\/wp\/v2\/posts\/5113\/revisions"}],"predecessor-version":[{"id":5124,"href":"http:\/\/www.lacas.be\/index.php?rest_route=\/wp\/v2\/posts\/5113\/revisions\/5124"}],"wp:attachment":[{"href":"http:\/\/www.lacas.be\/index.php?rest_route=%2Fwp%2Fv2%2Fmedia&parent=5113"}],"wp:term":[{"taxonomy":"category","embeddable":true,"href":"http:\/\/www.lacas.be\/index.php?rest_route=%2Fwp%2Fv2%2Fcategories&post=5113"},{"taxonomy":"post_tag","embeddable":true,"href":"http:\/\/www.lacas.be\/index.php?rest_route=%2Fwp%2Fv2%2Ftags&post=5113"}],"curies":[{"name":"wp","href":"https:\/\/api.w.org\/{rel}","templated":true}]}}