{"id":5101,"date":"2016-09-26T18:05:30","date_gmt":"2016-09-26T18:05:30","guid":{"rendered":"http:\/\/www.lacas.be\/?p=5101"},"modified":"2016-09-26T18:05:30","modified_gmt":"2016-09-26T18:05:30","slug":"portrait-5-scrap-reflexion","status":"publish","type":"post","link":"http:\/\/www.lacas.be\/?p=5101","title":{"rendered":"Portrait (5) &#8211; scrap r\u00e9flexion &#8230;"},"content":{"rendered":"<p>Bonsoir,<\/p>\n<p>Comme annonc\u00e9 d\u00e9but juillet, je continue ma galerie de portraits par un scrap masculin ! C&rsquo;est l&rsquo;automne et les couleurs de la photo sont particuli\u00e8rement bien adapt\u00e9es \u00e0 la saison &#8230;<\/p>\n<p><img loading=\"lazy\" decoding=\"async\" class=\"alignnone size-full wp-image-5102\" src=\"http:\/\/www.lacas.be\/wp-content\/uploads\/2016\/09\/blog-1-1.jpg\" alt=\"blog-1\" width=\"3397\" height=\"1733\" \/><\/p>\n<p>En finalisant cette page et son vis-\u00e0-vis, je me suis fait quelques r\u00e9flexions sur le scrap qui me semble-t-il est vecteur\/capteur\u00a0 d&rsquo;\u00e9motions. Il s&rsquo;agit ici d&rsquo;une photo d&rsquo;un de mes beaux-fr\u00e8res, tous les embellissements sont symboliques\/ r\u00e9v\u00e9lateurs de sa personnalit\u00e9 \u00e0 bien y regarder &#8230; le globe parce qu&rsquo;il aime voyager, les triangles pour son caract\u00e8re scientifique et minutieux, les \u00e9l\u00e9ments en r\u00e9f\u00e9rence \u00e0 la photographie qui est un de ses hobbies, le hahstag parce qu&rsquo;il a toujours \u00e9t\u00e9 \u00e0 la pointe de la modernit\u00e9 en mati\u00e8re de communications et je n&rsquo;ai pas r\u00e9sist\u00e9 \u00e0 ins\u00e9rer la feuille de vigne (mais qui pourrait \u00eatre d&rsquo;\u00e9rable &#8230;) par rapport \u00e0 son dernier voyage &#8230;<\/p>\n<p><img loading=\"lazy\" decoding=\"async\" class=\"alignnone size-full wp-image-5103\" src=\"http:\/\/www.lacas.be\/wp-content\/uploads\/2016\/09\/blog-2-1.jpg\" alt=\"blog-2\" width=\"1498\" height=\"1465\" \/><\/p>\n<p><img loading=\"lazy\" decoding=\"async\" class=\"alignnone size-full wp-image-5104\" src=\"http:\/\/www.lacas.be\/wp-content\/uploads\/2016\/09\/blog-3-1.jpg\" alt=\"blog-3\" width=\"799\" height=\"655\" \/><\/p>\n<p>Finalement, le scrap traduit assez bien un pan de l&rsquo;inconscient par rapport \u00e0 l&rsquo;image que nous nous repr\u00e9sentons des autres ou qu&rsquo;eux-m\u00eames nous renvoient, c&rsquo;est peut-\u00eatre ce qui explique qu&rsquo;une page de scrap nous \u00ab\u00a0parle\u00a0\u00bb , nous plaise ou non &#8230; bref, un condens\u00e9 de nos perceptions d&rsquo;autrui !<\/p>\n<p>Mais tr\u00eave de philosophie (que j&rsquo;avais n\u00e9anmoins envie de partager !), ci-dessous la page du vis-\u00e0-vis toujours r\u00e9alis\u00e9e avec les chutes de la page principale pour conserver une certaine harmonie dans les tons et le style.<\/p>\n<p><img loading=\"lazy\" decoding=\"async\" class=\"alignnone size-full wp-image-5106\" src=\"http:\/\/www.lacas.be\/wp-content\/uploads\/2016\/09\/blog-5.jpg\" alt=\"blog-5\" width=\"1383\" height=\"915\" \/><\/p>\n<p><img loading=\"lazy\" decoding=\"async\" class=\"alignnone size-full wp-image-5105\" src=\"http:\/\/www.lacas.be\/wp-content\/uploads\/2016\/09\/blog-4-1.jpg\" alt=\"blog-4\" width=\"1815\" height=\"1646\" \/><\/p>\n<p>A tr\u00e8s bient\u00f4t\u00a0 et merci pour vos visites.<\/p>\n","protected":false},"excerpt":{"rendered":"<p>Bonsoir, Comme annonc\u00e9 d\u00e9but juillet, je continue ma galerie de portraits par un scrap masculin ! C&rsquo;est l&rsquo;automne et les couleurs de la photo sont particuli\u00e8rement bien adapt\u00e9es \u00e0 la saison &#8230; En finalisant cette page et son vis-\u00e0-vis, je &hellip; <a href=\"http:\/\/www.lacas.be\/?p=5101\">Continuer la lecture <span class=\"meta-nav\">&rarr;<\/span><\/a><\/p>\n","protected":false},"author":1,"featured_media":0,"comment_status":"open","ping_status":"open","sticky":false,"template":"","format":"standard","meta":{"footnotes":""},"categories":[18],"tags":[],"class_list":["post-5101","post","type-post","status-publish","format-standard","hentry","category-scrapbooking"],"_links":{"self":[{"href":"http:\/\/www.lacas.be\/index.php?rest_route=\/wp\/v2\/posts\/5101","targetHints":{"allow":["GET"]}}],"collection":[{"href":"http:\/\/www.lacas.be\/index.php?rest_route=\/wp\/v2\/posts"}],"about":[{"href":"http:\/\/www.lacas.be\/index.php?rest_route=\/wp\/v2\/types\/post"}],"author":[{"embeddable":true,"href":"http:\/\/www.lacas.be\/index.php?rest_route=\/wp\/v2\/users\/1"}],"replies":[{"embeddable":true,"href":"http:\/\/www.lacas.be\/index.php?rest_route=%2Fwp%2Fv2%2Fcomments&post=5101"}],"version-history":[{"count":6,"href":"http:\/\/www.lacas.be\/index.php?rest_route=\/wp\/v2\/posts\/5101\/revisions"}],"predecessor-version":[{"id":5112,"href":"http:\/\/www.lacas.be\/index.php?rest_route=\/wp\/v2\/posts\/5101\/revisions\/5112"}],"wp:attachment":[{"href":"http:\/\/www.lacas.be\/index.php?rest_route=%2Fwp%2Fv2%2Fmedia&parent=5101"}],"wp:term":[{"taxonomy":"category","embeddable":true,"href":"http:\/\/www.lacas.be\/index.php?rest_route=%2Fwp%2Fv2%2Fcategories&post=5101"},{"taxonomy":"post_tag","embeddable":true,"href":"http:\/\/www.lacas.be\/index.php?rest_route=%2Fwp%2Fv2%2Ftags&post=5101"}],"curies":[{"name":"wp","href":"https:\/\/api.w.org\/{rel}","templated":true}]}}