{"id":5080,"date":"2016-09-24T14:42:40","date_gmt":"2016-09-24T14:42:40","guid":{"rendered":"http:\/\/www.lacas.be\/?p=5080"},"modified":"2016-09-24T14:42:40","modified_gmt":"2016-09-24T14:42:40","slug":"tags-et-etiquettes","status":"publish","type":"post","link":"http:\/\/www.lacas.be\/?p=5080","title":{"rendered":"Tags et \u00e9tiquettes"},"content":{"rendered":"<p>Bonjour,<\/p>\n<p>Le blog \u00ab\u00a0espace cr\u00e9atif\u00a0\u00bb f\u00eate ses 9 ans d&rsquo;existence et propose dans ce cadre la r\u00e9alisation de 9 embellissements. J&rsquo;ai choisi de r\u00e9aliser des tags ou \u00e9tiquettes dans\u00a0un combo kraft\/blanc cass\u00e9\/beige avec une pointe de rose :<\/p>\n<p><img loading=\"lazy\" decoding=\"async\" class=\"alignnone size-full wp-image-5093\" src=\"http:\/\/www.lacas.be\/wp-content\/uploads\/2016\/09\/blog-2.jpg\" alt=\"blog-2\" width=\"1814\" height=\"1599\" \/><\/p>\n<p><img loading=\"lazy\" decoding=\"async\" class=\"alignnone size-full wp-image-5092\" src=\"http:\/\/www.lacas.be\/wp-content\/uploads\/2016\/09\/blog-1.jpg\" alt=\"blog-1\" width=\"2634\" height=\"2442\" \/><\/p>\n<p>Du lin, de la ficelle, du carton-bois apportent le c\u00f4t\u00e9 mati\u00e8re naturelle que j&rsquo;aime beaucoup !<\/p>\n<p><img loading=\"lazy\" decoding=\"async\" class=\"alignnone wp-image-5087\" src=\"http:\/\/www.lacas.be\/wp-content\/uploads\/2016\/09\/6.jpg\" alt=\"6\" width=\"185\" height=\"201\" \/>\u00a0<img loading=\"lazy\" decoding=\"async\" class=\"alignnone wp-image-5085\" src=\"http:\/\/www.lacas.be\/wp-content\/uploads\/2016\/09\/4.jpg\" alt=\"4\" width=\"210\" height=\"199\" \/>\u00a0<img loading=\"lazy\" decoding=\"async\" class=\"alignnone wp-image-5084\" src=\"http:\/\/www.lacas.be\/wp-content\/uploads\/2016\/09\/3.jpg\" alt=\"3\" width=\"146\" height=\"192\" \/><\/p>\n<p>Un brin shabby &#8230; et je me suis r\u00e9gal\u00e9e !! \u00e7a change un peu &#8230;<\/p>\n<p><img loading=\"lazy\" decoding=\"async\" class=\"alignnone size-full wp-image-5095\" src=\"http:\/\/www.lacas.be\/wp-content\/uploads\/2016\/09\/blog-4.jpg\" alt=\"blog-4\" width=\"1577\" height=\"2140\" \/><\/p>\n<p><img loading=\"lazy\" decoding=\"async\" class=\"alignnone size-full wp-image-5094\" src=\"http:\/\/www.lacas.be\/wp-content\/uploads\/2016\/09\/blog-3.jpg\" alt=\"blog-3\" width=\"884\" height=\"743\" \/><\/p>\n<p>A tr\u00e8s bient\u00f4t !<\/p>\n<p>&nbsp;<\/p>\n","protected":false},"excerpt":{"rendered":"<p>Bonjour, Le blog \u00ab\u00a0espace cr\u00e9atif\u00a0\u00bb f\u00eate ses 9 ans d&rsquo;existence et propose dans ce cadre la r\u00e9alisation de 9 embellissements. J&rsquo;ai choisi de r\u00e9aliser des tags ou \u00e9tiquettes dans\u00a0un combo kraft\/blanc cass\u00e9\/beige avec une pointe de rose : Du lin, &hellip; <a href=\"http:\/\/www.lacas.be\/?p=5080\">Continuer la lecture <span class=\"meta-nav\">&rarr;<\/span><\/a><\/p>\n","protected":false},"author":1,"featured_media":0,"comment_status":"open","ping_status":"open","sticky":false,"template":"","format":"standard","meta":{"footnotes":""},"categories":[18],"tags":[],"class_list":["post-5080","post","type-post","status-publish","format-standard","hentry","category-scrapbooking"],"_links":{"self":[{"href":"http:\/\/www.lacas.be\/index.php?rest_route=\/wp\/v2\/posts\/5080","targetHints":{"allow":["GET"]}}],"collection":[{"href":"http:\/\/www.lacas.be\/index.php?rest_route=\/wp\/v2\/posts"}],"about":[{"href":"http:\/\/www.lacas.be\/index.php?rest_route=\/wp\/v2\/types\/post"}],"author":[{"embeddable":true,"href":"http:\/\/www.lacas.be\/index.php?rest_route=\/wp\/v2\/users\/1"}],"replies":[{"embeddable":true,"href":"http:\/\/www.lacas.be\/index.php?rest_route=%2Fwp%2Fv2%2Fcomments&post=5080"}],"version-history":[{"count":9,"href":"http:\/\/www.lacas.be\/index.php?rest_route=\/wp\/v2\/posts\/5080\/revisions"}],"predecessor-version":[{"id":5099,"href":"http:\/\/www.lacas.be\/index.php?rest_route=\/wp\/v2\/posts\/5080\/revisions\/5099"}],"wp:attachment":[{"href":"http:\/\/www.lacas.be\/index.php?rest_route=%2Fwp%2Fv2%2Fmedia&parent=5080"}],"wp:term":[{"taxonomy":"category","embeddable":true,"href":"http:\/\/www.lacas.be\/index.php?rest_route=%2Fwp%2Fv2%2Fcategories&post=5080"},{"taxonomy":"post_tag","embeddable":true,"href":"http:\/\/www.lacas.be\/index.php?rest_route=%2Fwp%2Fv2%2Ftags&post=5080"}],"curies":[{"name":"wp","href":"https:\/\/api.w.org\/{rel}","templated":true}]}}