{"id":4823,"date":"2016-06-08T17:11:32","date_gmt":"2016-06-08T17:11:32","guid":{"rendered":"http:\/\/www.lacas.be\/?p=4823"},"modified":"2016-06-08T17:11:32","modified_gmt":"2016-06-08T17:11:32","slug":"portraits-1","status":"publish","type":"post","link":"http:\/\/www.lacas.be\/?p=4823","title":{"rendered":"Portraits (1)"},"content":{"rendered":"<p>Bonjour \u00e0 tous,<\/p>\n<p>J&rsquo;ai inaugur\u00e9 un nouvel album intitul\u00e9 \u00ab\u00a0Portraits\u00a0\u00bb. Pour l&rsquo;instant, ce sont des photos tir\u00e9es des voyages r\u00e9cents de mon fils en Chine mais cet album reste ouvert \u00e0 d&rsquo;autres destinations, d&rsquo;o\u00f9 son intitul\u00e9 g\u00e9n\u00e9raliste !<\/p>\n<p>Voici donc la premi\u00e8re page au retour d&rsquo;une escapade dans la campagne de Fusui. Je ne saurai probablement jamais ce que cet enfant voulait montrer mais je l&rsquo;ai trouv\u00e9 tr\u00e8s photog\u00e9nique, trop mignon,\u00a0 irr\u00e9sistible et surtout authentique !!!\u00a0 D&#8217;embl\u00e9e, j&rsquo;ai su qu&rsquo;il ferait l&rsquo;objet d&rsquo;une page &#8230; Il m&rsquo;a inspir\u00e9e par ailleurs l&rsquo;id\u00e9e de cet album.<\/p>\n<p><img loading=\"lazy\" decoding=\"async\" class=\"alignnone size-full wp-image-4824\" src=\"http:\/\/www.lacas.be\/wp-content\/uploads\/2016\/06\/blog-2.jpg\" alt=\"blog 2\" width=\"2391\" height=\"2298\" \/><\/p>\n<p>Le contour de la photo et les demi-sph\u00e8res sont extraites d&rsquo;un journal de la r\u00e9gion rapport\u00e9 tout expr\u00e8s pour mon scrap apr\u00e8s un parcours de 10.000 km dans les airs. Merci au voyageur d&rsquo;y avoir pens\u00e9 !!!<\/p>\n<p><img loading=\"lazy\" decoding=\"async\" class=\"alignnone size-large wp-image-4825\" src=\"http:\/\/www.lacas.be\/wp-content\/uploads\/2016\/06\/blog-3.jpg\" alt=\"blog 3\" width=\"700\" height=\"348\" \/><\/p>\n<p><img loading=\"lazy\" decoding=\"async\" class=\"alignnone size-large wp-image-4826\" src=\"http:\/\/www.lacas.be\/wp-content\/uploads\/2016\/06\/blog1.jpg\" alt=\"blog1\" width=\"700\" height=\"692\" \/><\/p>\n<p>Dans l&rsquo;attente du d\u00e9veloppement d&rsquo;autres photos que je suis impatiente de scrapper &#8211; ce qui ne saurait tarder ! -, je vous souhaite une belle fin de semaine.<\/p>\n","protected":false},"excerpt":{"rendered":"<p>Bonjour \u00e0 tous, J&rsquo;ai inaugur\u00e9 un nouvel album intitul\u00e9 \u00ab\u00a0Portraits\u00a0\u00bb. Pour l&rsquo;instant, ce sont des photos tir\u00e9es des voyages r\u00e9cents de mon fils en Chine mais cet album reste ouvert \u00e0 d&rsquo;autres destinations, d&rsquo;o\u00f9 son intitul\u00e9 g\u00e9n\u00e9raliste ! Voici donc &hellip; <a href=\"http:\/\/www.lacas.be\/?p=4823\">Continuer la lecture <span class=\"meta-nav\">&rarr;<\/span><\/a><\/p>\n","protected":false},"author":1,"featured_media":0,"comment_status":"open","ping_status":"open","sticky":false,"template":"","format":"standard","meta":{"footnotes":""},"categories":[18],"tags":[],"class_list":["post-4823","post","type-post","status-publish","format-standard","hentry","category-scrapbooking"],"_links":{"self":[{"href":"http:\/\/www.lacas.be\/index.php?rest_route=\/wp\/v2\/posts\/4823","targetHints":{"allow":["GET"]}}],"collection":[{"href":"http:\/\/www.lacas.be\/index.php?rest_route=\/wp\/v2\/posts"}],"about":[{"href":"http:\/\/www.lacas.be\/index.php?rest_route=\/wp\/v2\/types\/post"}],"author":[{"embeddable":true,"href":"http:\/\/www.lacas.be\/index.php?rest_route=\/wp\/v2\/users\/1"}],"replies":[{"embeddable":true,"href":"http:\/\/www.lacas.be\/index.php?rest_route=%2Fwp%2Fv2%2Fcomments&post=4823"}],"version-history":[{"count":8,"href":"http:\/\/www.lacas.be\/index.php?rest_route=\/wp\/v2\/posts\/4823\/revisions"}],"predecessor-version":[{"id":4834,"href":"http:\/\/www.lacas.be\/index.php?rest_route=\/wp\/v2\/posts\/4823\/revisions\/4834"}],"wp:attachment":[{"href":"http:\/\/www.lacas.be\/index.php?rest_route=%2Fwp%2Fv2%2Fmedia&parent=4823"}],"wp:term":[{"taxonomy":"category","embeddable":true,"href":"http:\/\/www.lacas.be\/index.php?rest_route=%2Fwp%2Fv2%2Fcategories&post=4823"},{"taxonomy":"post_tag","embeddable":true,"href":"http:\/\/www.lacas.be\/index.php?rest_route=%2Fwp%2Fv2%2Ftags&post=4823"}],"curies":[{"name":"wp","href":"https:\/\/api.w.org\/{rel}","templated":true}]}}