{"id":4587,"date":"2016-03-27T16:27:46","date_gmt":"2016-03-27T16:27:46","guid":{"rendered":"http:\/\/www.lacas.be\/?p=4587"},"modified":"2016-03-27T16:27:46","modified_gmt":"2016-03-27T16:27:46","slug":"japon-m-0","status":"publish","type":"post","link":"http:\/\/www.lacas.be\/?p=4587","title":{"rendered":"Japon &#8230; M-0 !"},"content":{"rendered":"<p>Il me semble que c&rsquo;\u00e9tait hier, il me semble qu&rsquo;il y a des si\u00e8cles ! Me voici arriv\u00e9e \u00e0 la fin de cet album commenc\u00e9 en automne 2015 \u00e0 l&rsquo;occasion du d\u00e9part de fils a\u00een\u00e9 pour le Japon et qui est sur le retour ou presque ! Le scrap m&rsquo;a permis au fil des mois de retracer sa vie, d&rsquo;y participer peut-\u00eatre par photos interpos\u00e9es et surtout de garder un contact r\u00e9gulier en pens\u00e9es, une fa\u00e7on de se connecter &#8230;\u00a0 je vous livre ici les derni\u00e8res pages r\u00e9alis\u00e9es &#8230;<\/p>\n<p><img loading=\"lazy\" decoding=\"async\" class=\"alignnone size-full wp-image-4588\" src=\"http:\/\/www.lacas.be\/wp-content\/uploads\/2016\/03\/blog-1-4.jpg\" alt=\"blog 1\" width=\"2654\" height=\"2592\" \/><\/p>\n<p><img loading=\"lazy\" decoding=\"async\" class=\"alignnone size-full wp-image-4590\" src=\"http:\/\/www.lacas.be\/wp-content\/uploads\/2016\/03\/blog-2bis.jpg\" alt=\"blog 2bis\" width=\"2776\" height=\"2180\" \/><\/p>\n<p><img loading=\"lazy\" decoding=\"async\" class=\"alignnone size-full wp-image-4589\" src=\"http:\/\/www.lacas.be\/wp-content\/uploads\/2016\/03\/blog-2-4.jpg\" alt=\"blog 2\" width=\"2285\" height=\"2027\" \/><\/p>\n<p>La structure m&rsquo;a donn\u00e9 du fil \u00e0 retordre. Ayant utilis\u00e9 depuis le d\u00e9but de l&rsquo;album des pages \u00ab\u00a0pr\u00e9-trou\u00e9es\u00a0\u00bb non classiques, j&rsquo;ai d\u00fb bricoler pour adapter le tout. Je pense que la prochaine fois que je me lancerai dans un album d&rsquo;aussi longue haleine (dans le temps),\u00a0 soit j&rsquo;ach\u00e8terai un carnet reli\u00e9, soit j&rsquo;exploiterai des pages qui s&rsquo;ins\u00e8reront dans un classeur \u00e0 la dimension \u00ab\u00a0normale\u00a0\u00bb !! Il faut apprendre pour \u00eatre appris &#8230;<\/p>\n<p><img loading=\"lazy\" decoding=\"async\" class=\"alignnone size-full wp-image-4591\" src=\"http:\/\/www.lacas.be\/wp-content\/uploads\/2016\/03\/blog-3-4.jpg\" alt=\"blog 3\" width=\"2432\" height=\"2481\" \/><\/p>\n<p>Du lin de mes r\u00e9serves a \u00e9t\u00e9 coll\u00e9 sur du carton 2 mm. Les angles ne me satisfont pas mais &#8230; bon, on fera avec !!! L&rsquo;album est constitu\u00e9 par une trentaine de pages recto verso et de quelques \u00ab\u00a0accord\u00e9ons\u00a0\u00bb int\u00e9gr\u00e9s dans l&rsquo;ensemble. Je n&rsquo;ai pas compt\u00e9 le nombre des photos ! Le surplus (non scrapp\u00e9) sera int\u00e9gr\u00e9 dans une enveloppe \u00e0 coller sur le verso de la couverture arri\u00e8re<img loading=\"lazy\" decoding=\"async\" class=\"alignnone size-full wp-image-4595\" src=\"http:\/\/www.lacas.be\/wp-content\/uploads\/2016\/03\/blog-6-3.jpg\" alt=\"blog 6\" width=\"1032\" height=\"902\" \/><\/p>\n<p>Tempus fugit &#8230;<\/p>\n<p>Bon week-end \u00e0 vous et belles vacances \u00e0 ceux et celles qui en prennent.<\/p>\n<p>&nbsp;<\/p>\n","protected":false},"excerpt":{"rendered":"<p>Il me semble que c&rsquo;\u00e9tait hier, il me semble qu&rsquo;il y a des si\u00e8cles ! Me voici arriv\u00e9e \u00e0 la fin de cet album commenc\u00e9 en automne 2015 \u00e0 l&rsquo;occasion du d\u00e9part de fils a\u00een\u00e9 pour le Japon et qui &hellip; <a href=\"http:\/\/www.lacas.be\/?p=4587\">Continuer la lecture <span class=\"meta-nav\">&rarr;<\/span><\/a><\/p>\n","protected":false},"author":1,"featured_media":0,"comment_status":"open","ping_status":"open","sticky":false,"template":"","format":"standard","meta":{"footnotes":""},"categories":[1],"tags":[],"class_list":["post-4587","post","type-post","status-publish","format-standard","hentry","category-non-classe"],"_links":{"self":[{"href":"http:\/\/www.lacas.be\/index.php?rest_route=\/wp\/v2\/posts\/4587","targetHints":{"allow":["GET"]}}],"collection":[{"href":"http:\/\/www.lacas.be\/index.php?rest_route=\/wp\/v2\/posts"}],"about":[{"href":"http:\/\/www.lacas.be\/index.php?rest_route=\/wp\/v2\/types\/post"}],"author":[{"embeddable":true,"href":"http:\/\/www.lacas.be\/index.php?rest_route=\/wp\/v2\/users\/1"}],"replies":[{"embeddable":true,"href":"http:\/\/www.lacas.be\/index.php?rest_route=%2Fwp%2Fv2%2Fcomments&post=4587"}],"version-history":[{"count":7,"href":"http:\/\/www.lacas.be\/index.php?rest_route=\/wp\/v2\/posts\/4587\/revisions"}],"predecessor-version":[{"id":4600,"href":"http:\/\/www.lacas.be\/index.php?rest_route=\/wp\/v2\/posts\/4587\/revisions\/4600"}],"wp:attachment":[{"href":"http:\/\/www.lacas.be\/index.php?rest_route=%2Fwp%2Fv2%2Fmedia&parent=4587"}],"wp:term":[{"taxonomy":"category","embeddable":true,"href":"http:\/\/www.lacas.be\/index.php?rest_route=%2Fwp%2Fv2%2Fcategories&post=4587"},{"taxonomy":"post_tag","embeddable":true,"href":"http:\/\/www.lacas.be\/index.php?rest_route=%2Fwp%2Fv2%2Ftags&post=4587"}],"curies":[{"name":"wp","href":"https:\/\/api.w.org\/{rel}","templated":true}]}}