{"id":4548,"date":"2016-03-22T17:52:50","date_gmt":"2016-03-22T17:52:50","guid":{"rendered":"http:\/\/www.lacas.be\/?p=4548"},"modified":"2016-03-22T17:54:43","modified_gmt":"2016-03-22T17:54:43","slug":"22-mars-2016-bruxelles","status":"publish","type":"post","link":"http:\/\/www.lacas.be\/?p=4548","title":{"rendered":"22 mars 2016 &#8211; Bruxelles"},"content":{"rendered":"<p>Un seul dessin ce soir pour illustrer cette journ\u00e9e noire qui restera grav\u00e9e dans la m\u00e9moire collective de mon pays.<\/p>\n<p><img loading=\"lazy\" decoding=\"async\" class=\"alignnone size-full wp-image-4549\" src=\"http:\/\/www.lacas.be\/wp-content\/uploads\/2016\/03\/22-MARS-550.jpg\" alt=\"22-MARS-550\" width=\"550\" height=\"364\" \/><\/p>\n<p><em>Dessin de Plantu pour \u00ab\u00a0Le Monde\u00a0\u00bb publi\u00e9 ce matin.<\/em><\/p>\n<p>Indignation, col\u00e8re, impuissance, tristesse, incr\u00e9dulit\u00e9, solidarit\u00e9, empathie pour les victimes et leurs familles, un \u00e9tat d&rsquo;esprit qui pr\u00e9vaut \u00e0 l&rsquo;instar des attentats de Paris le 13 novembre 2015.<\/p>\n","protected":false},"excerpt":{"rendered":"<p>Un seul dessin ce soir pour illustrer cette journ\u00e9e noire qui restera grav\u00e9e dans la m\u00e9moire collective de mon pays. Dessin de Plantu pour \u00ab\u00a0Le Monde\u00a0\u00bb publi\u00e9 ce matin. Indignation, col\u00e8re, impuissance, tristesse, incr\u00e9dulit\u00e9, solidarit\u00e9, empathie pour les victimes et &hellip; <a href=\"http:\/\/www.lacas.be\/?p=4548\">Continuer la lecture <span class=\"meta-nav\">&rarr;<\/span><\/a><\/p>\n","protected":false},"author":1,"featured_media":0,"comment_status":"open","ping_status":"open","sticky":false,"template":"","format":"standard","meta":{"footnotes":""},"categories":[1],"tags":[],"class_list":["post-4548","post","type-post","status-publish","format-standard","hentry","category-non-classe"],"_links":{"self":[{"href":"http:\/\/www.lacas.be\/index.php?rest_route=\/wp\/v2\/posts\/4548","targetHints":{"allow":["GET"]}}],"collection":[{"href":"http:\/\/www.lacas.be\/index.php?rest_route=\/wp\/v2\/posts"}],"about":[{"href":"http:\/\/www.lacas.be\/index.php?rest_route=\/wp\/v2\/types\/post"}],"author":[{"embeddable":true,"href":"http:\/\/www.lacas.be\/index.php?rest_route=\/wp\/v2\/users\/1"}],"replies":[{"embeddable":true,"href":"http:\/\/www.lacas.be\/index.php?rest_route=%2Fwp%2Fv2%2Fcomments&post=4548"}],"version-history":[{"count":5,"href":"http:\/\/www.lacas.be\/index.php?rest_route=\/wp\/v2\/posts\/4548\/revisions"}],"predecessor-version":[{"id":4554,"href":"http:\/\/www.lacas.be\/index.php?rest_route=\/wp\/v2\/posts\/4548\/revisions\/4554"}],"wp:attachment":[{"href":"http:\/\/www.lacas.be\/index.php?rest_route=%2Fwp%2Fv2%2Fmedia&parent=4548"}],"wp:term":[{"taxonomy":"category","embeddable":true,"href":"http:\/\/www.lacas.be\/index.php?rest_route=%2Fwp%2Fv2%2Fcategories&post=4548"},{"taxonomy":"post_tag","embeddable":true,"href":"http:\/\/www.lacas.be\/index.php?rest_route=%2Fwp%2Fv2%2Ftags&post=4548"}],"curies":[{"name":"wp","href":"https:\/\/api.w.org\/{rel}","templated":true}]}}