{"id":4485,"date":"2016-03-10T09:06:18","date_gmt":"2016-03-10T09:06:18","guid":{"rendered":"http:\/\/www.lacas.be\/?p=4485"},"modified":"2016-03-10T09:06:18","modified_gmt":"2016-03-10T09:06:18","slug":"home-deco-2","status":"publish","type":"post","link":"http:\/\/www.lacas.be\/?p=4485","title":{"rendered":"Home deco"},"content":{"rendered":"<p>Une photo de 13 x 18 cms en sepia + un cadre \u00e0 peindre = un home deco made in Lacas facile \u00e0 r\u00e9aliser !<\/p>\n<p><img loading=\"lazy\" decoding=\"async\" class=\"alignnone size-full wp-image-4489\" src=\"http:\/\/www.lacas.be\/wp-content\/uploads\/2016\/03\/blog-1-1.jpg\" alt=\"blog-1\" width=\"2794\" height=\"2049\" \/><\/p>\n<p>Le fond blanc du cadre a \u00e9t\u00e9 rehauss\u00e9 par quelques tamponnages \u00ab\u00a0bruts\u00a0\u00bb \u00a0(application directe du bo\u00eetier encreur, ici, Memento marron). \u00a0De la ficelle en lin permet de fixer un anneau et une \u00e9pingle de s\u00fbret\u00e9 dans laquelle j&rsquo;ai enfil\u00e9 quelques petits boutons nacr\u00e9s.<\/p>\n<p><img loading=\"lazy\" decoding=\"async\" class=\"alignnone wp-image-4490\" src=\"http:\/\/www.lacas.be\/wp-content\/uploads\/2016\/03\/blog-7-1.jpg\" alt=\"blog 7\" width=\"342\" height=\"423\" \/>\u00a0 \u00a0\u00a0<img loading=\"lazy\" decoding=\"async\" class=\"alignnone wp-image-4487\" src=\"http:\/\/www.lacas.be\/wp-content\/uploads\/2016\/03\/blog-3-1.jpg\" alt=\"blog 3\" width=\"112\" height=\"424\" \/><\/p>\n<p>Un ou deux stickers comme journaling et des embellissements discrets \u00a0pour ne pas surcharger l&rsquo;ensemble.<\/p>\n<p><img loading=\"lazy\" decoding=\"async\" class=\"alignnone wp-image-4494\" src=\"http:\/\/www.lacas.be\/wp-content\/uploads\/2016\/03\/blog-9.jpg\" alt=\"blog 9\" width=\"728\" height=\"271\" \/><\/p>\n<p><img loading=\"lazy\" decoding=\"async\" class=\"alignnone size-full wp-image-4486\" src=\"http:\/\/www.lacas.be\/wp-content\/uploads\/2016\/03\/blog-2-1.jpg\" alt=\"blog 2\" width=\"865\" height=\"619\" \/><\/p>\n<p>Belle fin de semaine ensoleill\u00e9e !<\/p>\n","protected":false},"excerpt":{"rendered":"<p>Une photo de 13 x 18 cms en sepia + un cadre \u00e0 peindre = un home deco made in Lacas facile \u00e0 r\u00e9aliser ! Le fond blanc du cadre a \u00e9t\u00e9 rehauss\u00e9 par quelques tamponnages \u00ab\u00a0bruts\u00a0\u00bb \u00a0(application directe du &hellip; <a href=\"http:\/\/www.lacas.be\/?p=4485\">Continuer la lecture <span class=\"meta-nav\">&rarr;<\/span><\/a><\/p>\n","protected":false},"author":1,"featured_media":0,"comment_status":"open","ping_status":"open","sticky":false,"template":"","format":"standard","meta":{"footnotes":""},"categories":[1,17,18],"tags":[],"class_list":["post-4485","post","type-post","status-publish","format-standard","hentry","category-non-classe","category-home-made","category-scrapbooking"],"_links":{"self":[{"href":"http:\/\/www.lacas.be\/index.php?rest_route=\/wp\/v2\/posts\/4485","targetHints":{"allow":["GET"]}}],"collection":[{"href":"http:\/\/www.lacas.be\/index.php?rest_route=\/wp\/v2\/posts"}],"about":[{"href":"http:\/\/www.lacas.be\/index.php?rest_route=\/wp\/v2\/types\/post"}],"author":[{"embeddable":true,"href":"http:\/\/www.lacas.be\/index.php?rest_route=\/wp\/v2\/users\/1"}],"replies":[{"embeddable":true,"href":"http:\/\/www.lacas.be\/index.php?rest_route=%2Fwp%2Fv2%2Fcomments&post=4485"}],"version-history":[{"count":6,"href":"http:\/\/www.lacas.be\/index.php?rest_route=\/wp\/v2\/posts\/4485\/revisions"}],"predecessor-version":[{"id":4497,"href":"http:\/\/www.lacas.be\/index.php?rest_route=\/wp\/v2\/posts\/4485\/revisions\/4497"}],"wp:attachment":[{"href":"http:\/\/www.lacas.be\/index.php?rest_route=%2Fwp%2Fv2%2Fmedia&parent=4485"}],"wp:term":[{"taxonomy":"category","embeddable":true,"href":"http:\/\/www.lacas.be\/index.php?rest_route=%2Fwp%2Fv2%2Fcategories&post=4485"},{"taxonomy":"post_tag","embeddable":true,"href":"http:\/\/www.lacas.be\/index.php?rest_route=%2Fwp%2Fv2%2Ftags&post=4485"}],"curies":[{"name":"wp","href":"https:\/\/api.w.org\/{rel}","templated":true}]}}