{"id":4266,"date":"2016-01-28T06:52:26","date_gmt":"2016-01-28T06:52:26","guid":{"rendered":"http:\/\/www.lacas.be\/?p=4266"},"modified":"2016-01-28T06:52:26","modified_gmt":"2016-01-28T06:52:26","slug":"hiver","status":"publish","type":"post","link":"http:\/\/www.lacas.be\/?p=4266","title":{"rendered":"Hiver"},"content":{"rendered":"<p>Un mini album\u00a0tout simple pour c\u00e9l\u00e9brer les quelques jours d&rsquo;hiver dont nous avons \u00ab\u00a0b\u00e9n\u00e9fici\u00e9\u00a0\u00bb derni\u00e8rement ! Il n&rsquo;est pas enti\u00e8rement termin\u00e9 \u00a0mais je vous en livre n\u00e9anmoins quelques images&#8230;<\/p>\n<p><img loading=\"lazy\" decoding=\"async\" class=\"alignnone wp-image-4267\" src=\"http:\/\/www.lacas.be\/wp-content\/uploads\/2016\/01\/DSC_0057.jpg\" alt=\"DSC_0057\" width=\"294\" height=\"268\" \/>\u00a0\u00a0<img loading=\"lazy\" decoding=\"async\" class=\"alignnone wp-image-4268\" src=\"http:\/\/www.lacas.be\/wp-content\/uploads\/2016\/01\/DSC_0059.jpg\" alt=\"DSC_0059\" width=\"196\" height=\"268\" \/><\/p>\n<p>Je dois encore ajouter du texte par tamponnage sur les pages suivantes \u00e0 titre de journaling !<\/p>\n<p>L&rsquo;esperluette a \u00e9t\u00e9 d\u00e9coup\u00e9e \u00e0 la big shot et donne un peu de relief \u00e0 l&rsquo;ensemble.<\/p>\n<p><img loading=\"lazy\" decoding=\"async\" class=\"alignnone wp-image-4271\" src=\"http:\/\/www.lacas.be\/wp-content\/uploads\/2016\/01\/DSC_0067.jpg\" alt=\"DSC_0067\" width=\"511\" height=\"234\" \/><\/p>\n<p><img loading=\"lazy\" decoding=\"async\" class=\"alignnone wp-image-4270\" src=\"http:\/\/www.lacas.be\/wp-content\/uploads\/2016\/01\/DSC_0062.jpg\" alt=\"DSC_0062\" width=\"515\" height=\"256\" \/><\/p>\n<p>Ce mini (tr\u00e8s mini !) sans pr\u00e9tention me pla\u00eet bien par son graphisme. J&rsquo;y ai ins\u00e9r\u00e9 6 photos \u00ab\u00a0souvenirs\u00a0\u00bb de jours de neige quand la nature se pare d&rsquo;un \u00e9pais manteau blanc. Bon, j&rsquo;avoue, j&rsquo;aimerais cependant bien que ce manteau blanc ne recouvre pas les routes car c&rsquo;est beaucoup moins po\u00e9tique et bucolique quand il faut partir travailler t\u00f4t le matin !!!<\/p>\n<p>A tr\u00e8s bient\u00f4t.<\/p>\n<p>&nbsp;<\/p>\n<p>&nbsp;<\/p>\n","protected":false},"excerpt":{"rendered":"<p>Un mini album\u00a0tout simple pour c\u00e9l\u00e9brer les quelques jours d&rsquo;hiver dont nous avons \u00ab\u00a0b\u00e9n\u00e9fici\u00e9\u00a0\u00bb derni\u00e8rement ! Il n&rsquo;est pas enti\u00e8rement termin\u00e9 \u00a0mais je vous en livre n\u00e9anmoins quelques images&#8230; \u00a0\u00a0 Je dois encore ajouter du texte par tamponnage sur les &hellip; <a href=\"http:\/\/www.lacas.be\/?p=4266\">Continuer la lecture <span class=\"meta-nav\">&rarr;<\/span><\/a><\/p>\n","protected":false},"author":1,"featured_media":0,"comment_status":"open","ping_status":"open","sticky":false,"template":"","format":"standard","meta":{"footnotes":""},"categories":[18],"tags":[],"class_list":["post-4266","post","type-post","status-publish","format-standard","hentry","category-scrapbooking"],"_links":{"self":[{"href":"http:\/\/www.lacas.be\/index.php?rest_route=\/wp\/v2\/posts\/4266","targetHints":{"allow":["GET"]}}],"collection":[{"href":"http:\/\/www.lacas.be\/index.php?rest_route=\/wp\/v2\/posts"}],"about":[{"href":"http:\/\/www.lacas.be\/index.php?rest_route=\/wp\/v2\/types\/post"}],"author":[{"embeddable":true,"href":"http:\/\/www.lacas.be\/index.php?rest_route=\/wp\/v2\/users\/1"}],"replies":[{"embeddable":true,"href":"http:\/\/www.lacas.be\/index.php?rest_route=%2Fwp%2Fv2%2Fcomments&post=4266"}],"version-history":[{"count":14,"href":"http:\/\/www.lacas.be\/index.php?rest_route=\/wp\/v2\/posts\/4266\/revisions"}],"predecessor-version":[{"id":4285,"href":"http:\/\/www.lacas.be\/index.php?rest_route=\/wp\/v2\/posts\/4266\/revisions\/4285"}],"wp:attachment":[{"href":"http:\/\/www.lacas.be\/index.php?rest_route=%2Fwp%2Fv2%2Fmedia&parent=4266"}],"wp:term":[{"taxonomy":"category","embeddable":true,"href":"http:\/\/www.lacas.be\/index.php?rest_route=%2Fwp%2Fv2%2Fcategories&post=4266"},{"taxonomy":"post_tag","embeddable":true,"href":"http:\/\/www.lacas.be\/index.php?rest_route=%2Fwp%2Fv2%2Ftags&post=4266"}],"curies":[{"name":"wp","href":"https:\/\/api.w.org\/{rel}","templated":true}]}}