{"id":4223,"date":"2016-01-17T16:13:57","date_gmt":"2016-01-17T16:13:57","guid":{"rendered":"http:\/\/www.lacas.be\/?p=4223"},"modified":"2016-01-17T16:13:57","modified_gmt":"2016-01-17T16:13:57","slug":"my-project-life","status":"publish","type":"post","link":"http:\/\/www.lacas.be\/?p=4223","title":{"rendered":"My project life"},"content":{"rendered":"<p>A la mode depuis tout un temps, le project life &#8211; sorte de journal de bord o\u00f9 consigner dans un classeur tous les petits et grands \u00e9v\u00e9nements du quotidien au fil d&rsquo;une ann\u00e9e &#8211; fait partie de mes r\u00e9solutions \u00ab\u00a0scrap\u00a0\u00bb de 2016. J&rsquo;ai donc habill\u00e9 un classeur de r\u00e9cup\u00e9ration avec du skivertex noir et des coins en m\u00e9tal :<\/p>\n<p><img loading=\"lazy\" decoding=\"async\" class=\"alignnone size-full wp-image-4224\" src=\"http:\/\/www.lacas.be\/wp-content\/uploads\/2016\/01\/DSC_0002.jpg\" alt=\"DSC_0002\" width=\"1099\" height=\"1216\" \/><\/p>\n<p>A l&rsquo;int\u00e9rieur, j&rsquo;ai ins\u00e9r\u00e9 des pochettes plastiques classiques de 14,8 X 21 cms (A5) en vente partout (ndrl : il existe des formats et mod\u00e8les express\u00e9ment adapt\u00e9s pour le project life mais si j&rsquo;adh\u00e8re au principe &#8230;, j&rsquo;ai d\u00e9cid\u00e9 de ne pas succomber \u00e0 l&rsquo;appel commercial et mercantile de cette id\u00e9e !!)<\/p>\n<p><img loading=\"lazy\" decoding=\"async\" class=\"alignnone size-full wp-image-4225\" src=\"http:\/\/www.lacas.be\/wp-content\/uploads\/2016\/01\/DSC_0004.jpg\" alt=\"DSC_0004\" width=\"828\" height=\"986\" \/><\/p>\n<p>J&rsquo;ai divis\u00e9 un feuillet \u00e9cru cartonn\u00e9 A 5 en quatre et marqu\u00e9 les plis au plioir qui feront office de s\u00e9parations &#8230; Les plus courageuses peuvent aussi coudre ensemble pochettes et feuillets pour mieux d\u00e9finir les s\u00e9parations, une fois le tout termin\u00e9 &#8230; Je le ferai peut-\u00eatre &#8230;<\/p>\n<p>Voici donc mes premi\u00e8res pages pour le mois de Janvier 2016 :<\/p>\n<p><img loading=\"lazy\" decoding=\"async\" class=\"alignnone size-full wp-image-4226\" src=\"http:\/\/www.lacas.be\/wp-content\/uploads\/2016\/01\/DSC_0035.jpg\" alt=\"DSC_0035\" width=\"3231\" height=\"2562\" \/><\/p>\n<p><img loading=\"lazy\" decoding=\"async\" class=\"alignnone size-full wp-image-4227\" src=\"http:\/\/www.lacas.be\/wp-content\/uploads\/2016\/01\/DSC_0036.jpg\" alt=\"DSC_0036\" width=\"3045\" height=\"2574\" \/><\/p>\n<p>Et pour immortaliser le dernier \u00ab\u00a0\u00e9v\u00e9nement familial\u00a0\u00bb en date, une autre page d\u00e9di\u00e9e aux intemp\u00e9ries neigeuses de ce vendredi qui ont caus\u00e9 pas mal de d\u00e9boires aux jeunes automobilistes t\u00e9m\u00e9raires &#8230;. \ud83d\ude42 un petit clin d&rsquo;oeil \u00e0 \u00ab\u00a0fifille\u00a0\u00bb qui a mis 08h00 pour effectuer un trajet qui prend habituellement 1h15 &#8230; On se souviendra de cette \u00e9pop\u00e9e qui semble-t-il, n&rsquo;a pas alt\u00e9r\u00e9 la bonne humeur de la conductrice et de sa passag\u00e8re si l&rsquo;on en croit les selfies pris en d\u00e9but et fin de trajet !!!<\/p>\n<p><img loading=\"lazy\" decoding=\"async\" class=\"alignnone size-full wp-image-4228\" src=\"http:\/\/www.lacas.be\/wp-content\/uploads\/2016\/01\/DSC_0038.jpg\" alt=\"DSC_0038\" width=\"3022\" height=\"1756\" \/><\/p>\n<p>&nbsp;<\/p>\n<p><img loading=\"lazy\" decoding=\"async\" class=\"alignnone size-full wp-image-4229\" src=\"http:\/\/www.lacas.be\/wp-content\/uploads\/2016\/01\/DSC_0039.jpg\" alt=\"DSC_0039\" width=\"1358\" height=\"1119\" \/><\/p>\n<p>Je pense consacrer au moins une page recto\/verso par mois, davantage s&rsquo;il y a mati\u00e8re \u00e0 scrapper !!\u00a0 \ud83d\ude42<\/p>\n<p>Une autre r\u00e9solution scrap est de poster sur ce blog deux fois par semaine (en WE et le mercredi) en esp\u00e9rant \u00ab\u00a0tenir\u00a0\u00bb dans la dur\u00e9e &#8230; Comme toutes les r\u00e9solutions, rien n&rsquo;est moins s\u00fbr !<\/p>\n<p>Belle et douce semaine \u00e0 vous. La mienne sera rythm\u00e9e en scrap par le tournoi Sokai dont je vous parlais lors du post pr\u00e9c\u00e9dent et qui commence d\u00e8s demain. Je dois avouer que je suis tr\u00e8s curieuse de voir en quoi il consiste !!! Vivement demain soir que je le d\u00e9couvre au retour du boulot &#8230; \ud83d\ude42<\/p>\n","protected":false},"excerpt":{"rendered":"<p>A la mode depuis tout un temps, le project life &#8211; sorte de journal de bord o\u00f9 consigner dans un classeur tous les petits et grands \u00e9v\u00e9nements du quotidien au fil d&rsquo;une ann\u00e9e &#8211; fait partie de mes r\u00e9solutions \u00ab\u00a0scrap\u00a0\u00bb &hellip; <a href=\"http:\/\/www.lacas.be\/?p=4223\">Continuer la lecture <span class=\"meta-nav\">&rarr;<\/span><\/a><\/p>\n","protected":false},"author":1,"featured_media":0,"comment_status":"open","ping_status":"open","sticky":false,"template":"","format":"standard","meta":{"footnotes":""},"categories":[18],"tags":[],"class_list":["post-4223","post","type-post","status-publish","format-standard","hentry","category-scrapbooking"],"_links":{"self":[{"href":"http:\/\/www.lacas.be\/index.php?rest_route=\/wp\/v2\/posts\/4223","targetHints":{"allow":["GET"]}}],"collection":[{"href":"http:\/\/www.lacas.be\/index.php?rest_route=\/wp\/v2\/posts"}],"about":[{"href":"http:\/\/www.lacas.be\/index.php?rest_route=\/wp\/v2\/types\/post"}],"author":[{"embeddable":true,"href":"http:\/\/www.lacas.be\/index.php?rest_route=\/wp\/v2\/users\/1"}],"replies":[{"embeddable":true,"href":"http:\/\/www.lacas.be\/index.php?rest_route=%2Fwp%2Fv2%2Fcomments&post=4223"}],"version-history":[{"count":6,"href":"http:\/\/www.lacas.be\/index.php?rest_route=\/wp\/v2\/posts\/4223\/revisions"}],"predecessor-version":[{"id":4236,"href":"http:\/\/www.lacas.be\/index.php?rest_route=\/wp\/v2\/posts\/4223\/revisions\/4236"}],"wp:attachment":[{"href":"http:\/\/www.lacas.be\/index.php?rest_route=%2Fwp%2Fv2%2Fmedia&parent=4223"}],"wp:term":[{"taxonomy":"category","embeddable":true,"href":"http:\/\/www.lacas.be\/index.php?rest_route=%2Fwp%2Fv2%2Fcategories&post=4223"},{"taxonomy":"post_tag","embeddable":true,"href":"http:\/\/www.lacas.be\/index.php?rest_route=%2Fwp%2Fv2%2Ftags&post=4223"}],"curies":[{"name":"wp","href":"https:\/\/api.w.org\/{rel}","templated":true}]}}