{"id":4084,"date":"2015-12-07T09:52:35","date_gmt":"2015-12-07T09:52:35","guid":{"rendered":"http:\/\/www.lacas.be\/?p=4084"},"modified":"2015-12-07T09:52:35","modified_gmt":"2015-12-07T09:52:35","slug":"japon-m-4","status":"publish","type":"post","link":"http:\/\/www.lacas.be\/?p=4084","title":{"rendered":"Japon M &#8211; 4"},"content":{"rendered":"<p>Et un mois en moins, un ! Plus que 4 mois avant de revoir fils a\u00een\u00e9 autrement que virtuellement ! Pour tromper l&rsquo;attente, je scrappe les photographies qu&rsquo;il nous envoie (\u00e0 compte-gouttes, faut-il le dire &#8230; ou alors, plusieurs centaines \u00e0 la fois !! ).<\/p>\n<p>Voici donc quelques pages de ses d\u00e9couvertes du\u00a0pays nippon qui datent de fin octobre. La qualit\u00e9 photographique n&rsquo;est pas optimale, le manque de luminosit\u00e9 en cette saison et les prises de vue en soir\u00e9e \u00a0y sont\u00a0certainement pour quelque chose.<\/p>\n<p><img loading=\"lazy\" decoding=\"async\" class=\"alignnone size-large wp-image-4086\" src=\"http:\/\/www.lacas.be\/wp-content\/uploads\/2015\/12\/blog-3.jpg\" alt=\"blog 3\" width=\"700\" height=\"312\" \/><\/p>\n<p>Un petit volet aimant\u00e9 permet de \u00ab\u00a0caser\u00a0\u00bb plusieurs photos ici du Mont Fuji.<\/p>\n<p><img loading=\"lazy\" decoding=\"async\" class=\"alignnone size-large wp-image-4088\" src=\"http:\/\/www.lacas.be\/wp-content\/uploads\/2015\/12\/blog-5.jpg\" alt=\"blog 5\" width=\"700\" height=\"777\" \/><\/p>\n<p>Les abords du lac\u00a0kawaguchi, au nord du Mont Fuji, par\u00e9s de couleurs automnales valaient bien le d\u00e9tour<\/p>\n<p><img loading=\"lazy\" decoding=\"async\" class=\"alignnone size-large wp-image-4089\" src=\"http:\/\/www.lacas.be\/wp-content\/uploads\/2015\/12\/blog-6.jpg\" alt=\"blog 6\" width=\"700\" height=\"341\" \/><\/p>\n<p>Le bonsa\u00ef est magnifique &#8230; Se plairait-il dans mon salon ?<\/p>\n<p><img loading=\"lazy\" decoding=\"async\" class=\"alignnone size-full wp-image-4087\" src=\"http:\/\/www.lacas.be\/wp-content\/uploads\/2015\/12\/blog-4.jpg\" alt=\"blog 4\" width=\"2175\" height=\"1873\" \/><\/p>\n<p>Temples, statues et traditions \u00e9taient aussi au programme de son week-end \u00e0 Nikko.<\/p>\n<p>Je ne suis pas une fan absolue des gabarits de scrap europ\u00e9en, mais il faut reconna\u00eetre que cela permet d&rsquo;ins\u00e9rer plusieurs photos en un minimum de place pour un maximum de souvenirs et ce, d&rsquo;autant plus que mon album est en 20 sur 20 cms !!! Je me suis donc pr\u00eat\u00e9e \u00e0 cet exercice (pour lequel je plaide l&rsquo;indulgence des expertes en la mati\u00e8re !) pour les deux pages suivantes :<\/p>\n<p><img loading=\"lazy\" decoding=\"async\" class=\"alignnone wp-image-4085\" src=\"http:\/\/www.lacas.be\/wp-content\/uploads\/2015\/12\/blog-2.jpg\" alt=\"blog 2\" width=\"231\" height=\"215\" \/>\u00a0 \u00a0\u00a0<img loading=\"lazy\" decoding=\"async\" class=\"alignnone wp-image-4090\" src=\"http:\/\/www.lacas.be\/wp-content\/uploads\/2015\/12\/japon-M-4-1.jpg\" alt=\"japon M - 4 (1)\" width=\"261\" height=\"212\" \/><\/p>\n<p>Les photos non scrapp\u00e9es sont gliss\u00e9es dans des pochettes plastiques qui feront partie de l&rsquo;album en tant que pages ind\u00e9pendantes et un commentaire (trop personnel la plupart du temps pour \u00eatre reproduit sur ce blog!!) \u00e9crit \u00e0 la main agr\u00e9mente certaines pages. En voici une illustration qui peut-\u00eatre vous inspirera, qui sait ? &#8211; o\u00f9 vous pourrez entrevoir la pochette plastique et un journaling \u00e0 l&rsquo;occasion de la f\u00eate d&rsquo;Halloween \u00e9tonnamment f\u00eat\u00e9e au pays du soleil levant.<\/p>\n<p><img loading=\"lazy\" decoding=\"async\" class=\"alignnone size-full wp-image-4099\" src=\"http:\/\/www.lacas.be\/wp-content\/uploads\/2015\/12\/blog-7.jpg\" alt=\"blog 7\" width=\"2399\" height=\"2240\" \/><\/p>\n<p>Passez une belle et douce journ\u00e9e et \u00e0 tr\u00e8s bient\u00f4t !<\/p>\n","protected":false},"excerpt":{"rendered":"<p>Et un mois en moins, un ! Plus que 4 mois avant de revoir fils a\u00een\u00e9 autrement que virtuellement ! Pour tromper l&rsquo;attente, je scrappe les photographies qu&rsquo;il nous envoie (\u00e0 compte-gouttes, faut-il le dire &#8230; ou alors, plusieurs centaines &hellip; <a href=\"http:\/\/www.lacas.be\/?p=4084\">Continuer la lecture <span class=\"meta-nav\">&rarr;<\/span><\/a><\/p>\n","protected":false},"author":1,"featured_media":0,"comment_status":"open","ping_status":"open","sticky":false,"template":"","format":"standard","meta":{"footnotes":""},"categories":[18],"tags":[],"class_list":["post-4084","post","type-post","status-publish","format-standard","hentry","category-scrapbooking"],"_links":{"self":[{"href":"http:\/\/www.lacas.be\/index.php?rest_route=\/wp\/v2\/posts\/4084","targetHints":{"allow":["GET"]}}],"collection":[{"href":"http:\/\/www.lacas.be\/index.php?rest_route=\/wp\/v2\/posts"}],"about":[{"href":"http:\/\/www.lacas.be\/index.php?rest_route=\/wp\/v2\/types\/post"}],"author":[{"embeddable":true,"href":"http:\/\/www.lacas.be\/index.php?rest_route=\/wp\/v2\/users\/1"}],"replies":[{"embeddable":true,"href":"http:\/\/www.lacas.be\/index.php?rest_route=%2Fwp%2Fv2%2Fcomments&post=4084"}],"version-history":[{"count":10,"href":"http:\/\/www.lacas.be\/index.php?rest_route=\/wp\/v2\/posts\/4084\/revisions"}],"predecessor-version":[{"id":4101,"href":"http:\/\/www.lacas.be\/index.php?rest_route=\/wp\/v2\/posts\/4084\/revisions\/4101"}],"wp:attachment":[{"href":"http:\/\/www.lacas.be\/index.php?rest_route=%2Fwp%2Fv2%2Fmedia&parent=4084"}],"wp:term":[{"taxonomy":"category","embeddable":true,"href":"http:\/\/www.lacas.be\/index.php?rest_route=%2Fwp%2Fv2%2Fcategories&post=4084"},{"taxonomy":"post_tag","embeddable":true,"href":"http:\/\/www.lacas.be\/index.php?rest_route=%2Fwp%2Fv2%2Ftags&post=4084"}],"curies":[{"name":"wp","href":"https:\/\/api.w.org\/{rel}","templated":true}]}}