{"id":4042,"date":"2015-11-30T10:58:01","date_gmt":"2015-11-30T10:58:01","guid":{"rendered":"http:\/\/www.lacas.be\/?p=4042"},"modified":"2015-11-30T10:59:33","modified_gmt":"2015-11-30T10:59:33","slug":"cartes-de-noel","status":"publish","type":"post","link":"http:\/\/www.lacas.be\/?p=4042","title":{"rendered":"Cartes de No\u00ebl"},"content":{"rendered":"<p>Et voici encore deux s\u00e9ries de cartes de No\u00ebl\u00a0\u00a0r\u00e9alis\u00e9es d&rsquo;apr\u00e8s une \u00ab\u00a0structure pochette\u00a0\u00bb\u00a0\u00a0avec insertion d&rsquo;un tag (id\u00e9e du magazine \u00a0\u00ab\u00a0passion cartes cr\u00e9atives\u00a0\u00bb)<\/p>\n<p>La premi\u00e8re s\u00e9rie en dor\u00e9 dispose m\u00eame de son \u00e9crin cartonn\u00e9 fait maison dans lequel\u00a0j&rsquo;ai gliss\u00e9 \u00e9galement quelques \u00e9tiquettes cadeaux assorties (mais j&rsquo;ai oubli\u00e9 de prendre ces derni\u00e8res en photos !)<\/p>\n<p><img loading=\"lazy\" decoding=\"async\" class=\"wp-image-4043 alignleft\" src=\"http:\/\/www.lacas.be\/wp-content\/uploads\/2015\/11\/carte-de-No\u00eal-3.jpg\" alt=\"carte de No\u00eal (3)\" width=\"204\" height=\"288\" \/>\u00a0 \u00a0<img loading=\"lazy\" decoding=\"async\" class=\"alignnone wp-image-4044\" src=\"http:\/\/www.lacas.be\/wp-content\/uploads\/2015\/11\/carte-de-No\u00ebl-4.jpg\" alt=\"carte de No\u00ebl (4)\" width=\"275\" height=\"288\" \/><\/p>\n<p style=\"text-align: left;\">L&rsquo;\u00e9crin face avant et arri\u00e8re :<\/p>\n<p><img loading=\"lazy\" decoding=\"async\" class=\"alignleft wp-image-4045 \" src=\"http:\/\/www.lacas.be\/wp-content\/uploads\/2015\/11\/carte-de-No\u00ebl-5.jpg\" alt=\"carte de No\u00ebl (5)\" width=\"244\" height=\"223\" \/><\/p>\n<p><img loading=\"lazy\" decoding=\"async\" class=\"alignleft wp-image-4046 \" src=\"http:\/\/www.lacas.be\/wp-content\/uploads\/2015\/11\/carte-de-No\u00ebl-6.jpg\" alt=\"carte de No\u00ebl (6)\" width=\"248\" height=\"222\" \/> <img loading=\"lazy\" decoding=\"async\" class=\"wp-image-4052 alignnone\" src=\"http:\/\/www.lacas.be\/wp-content\/uploads\/2015\/11\/cartes-de-no\u00ebl-1.jpg\" alt=\"cartes de no\u00ebl (1)\" width=\"532\" height=\"397\" \/><\/p>\n<p>A pr\u00e9sent, la s\u00e9rie \u00ab\u00a0en rouge\u00a0\u00bb qui personnellement me pla\u00eet davantage !<\/p>\n<p><img loading=\"lazy\" decoding=\"async\" class=\"alignnone wp-image-4047\" src=\"http:\/\/www.lacas.be\/wp-content\/uploads\/2015\/11\/carte-de-No\u00ebl-7.jpg\" alt=\"carte de No\u00ebl (7)\" width=\"543\" height=\"399\" \/><\/p>\n<p>Les cartes ont \u00e9t\u00e9 emboss\u00e9es \u00e0 la big shot\u00a0sur du papier cartonn\u00e9 blanc et j&rsquo;ai r\u00e9alis\u00e9 les enveloppes assorties avec la punch board.<\/p>\n<p><img loading=\"lazy\" decoding=\"async\" class=\"alignnone wp-image-4051\" src=\"http:\/\/www.lacas.be\/wp-content\/uploads\/2015\/11\/carte-de-No\u00ebl-11.jpg\" alt=\"carte de No\u00ebl (11)\" width=\"196\" height=\"225\" \/>\u00a0\u00a0<img loading=\"lazy\" decoding=\"async\" class=\"alignnone wp-image-4050\" src=\"http:\/\/www.lacas.be\/wp-content\/uploads\/2015\/11\/carte-de-No\u00ebl-10.jpg\" alt=\"carte de No\u00ebl (10)\" width=\"188\" height=\"224\" \/>\u00a0\u00a0<img loading=\"lazy\" decoding=\"async\" class=\"alignnone wp-image-4049\" src=\"http:\/\/www.lacas.be\/wp-content\/uploads\/2015\/11\/carte-de-No\u00eal-9.jpg\" alt=\"carte de No\u00eal (9)\" width=\"192\" height=\"223\" \/><\/p>\n<p>D\u00e9sol\u00e9e pour les reflets mais \u00a0ces cartes \u00e9taient d\u00e9j\u00e0 sous cellophanes, pr\u00eates \u00e0 partir pour le march\u00e9 de No\u00ebl d&rsquo;un centre de soins palliatifs&#8230;. et j&rsquo;ai eu la flemme de les en retirer &#8230; Allez, promis, je ferai un effort la prochaine fois &#8230;.<\/p>\n<p>A bient\u00f4t et merci pour votre visite.<\/p>\n","protected":false},"excerpt":{"rendered":"<p>Et voici encore deux s\u00e9ries de cartes de No\u00ebl\u00a0\u00a0r\u00e9alis\u00e9es d&rsquo;apr\u00e8s une \u00ab\u00a0structure pochette\u00a0\u00bb\u00a0\u00a0avec insertion d&rsquo;un tag (id\u00e9e du magazine \u00a0\u00ab\u00a0passion cartes cr\u00e9atives\u00a0\u00bb) La premi\u00e8re s\u00e9rie en dor\u00e9 dispose m\u00eame de son \u00e9crin cartonn\u00e9 fait maison dans lequel\u00a0j&rsquo;ai gliss\u00e9 \u00e9galement quelques &hellip; <a href=\"http:\/\/www.lacas.be\/?p=4042\">Continuer la lecture <span class=\"meta-nav\">&rarr;<\/span><\/a><\/p>\n","protected":false},"author":1,"featured_media":0,"comment_status":"open","ping_status":"open","sticky":false,"template":"","format":"standard","meta":{"footnotes":""},"categories":[19],"tags":[],"class_list":["post-4042","post","type-post","status-publish","format-standard","hentry","category-carterie"],"_links":{"self":[{"href":"http:\/\/www.lacas.be\/index.php?rest_route=\/wp\/v2\/posts\/4042","targetHints":{"allow":["GET"]}}],"collection":[{"href":"http:\/\/www.lacas.be\/index.php?rest_route=\/wp\/v2\/posts"}],"about":[{"href":"http:\/\/www.lacas.be\/index.php?rest_route=\/wp\/v2\/types\/post"}],"author":[{"embeddable":true,"href":"http:\/\/www.lacas.be\/index.php?rest_route=\/wp\/v2\/users\/1"}],"replies":[{"embeddable":true,"href":"http:\/\/www.lacas.be\/index.php?rest_route=%2Fwp%2Fv2%2Fcomments&post=4042"}],"version-history":[{"count":28,"href":"http:\/\/www.lacas.be\/index.php?rest_route=\/wp\/v2\/posts\/4042\/revisions"}],"predecessor-version":[{"id":4081,"href":"http:\/\/www.lacas.be\/index.php?rest_route=\/wp\/v2\/posts\/4042\/revisions\/4081"}],"wp:attachment":[{"href":"http:\/\/www.lacas.be\/index.php?rest_route=%2Fwp%2Fv2%2Fmedia&parent=4042"}],"wp:term":[{"taxonomy":"category","embeddable":true,"href":"http:\/\/www.lacas.be\/index.php?rest_route=%2Fwp%2Fv2%2Fcategories&post=4042"},{"taxonomy":"post_tag","embeddable":true,"href":"http:\/\/www.lacas.be\/index.php?rest_route=%2Fwp%2Fv2%2Ftags&post=4042"}],"curies":[{"name":"wp","href":"https:\/\/api.w.org\/{rel}","templated":true}]}}