{"id":40,"date":"2012-06-25T05:49:52","date_gmt":"2012-06-25T05:49:52","guid":{"rendered":"http:\/\/www.lacas.be\/?p=40"},"modified":"2012-06-25T13:50:36","modified_gmt":"2012-06-25T13:50:36","slug":"brocante-et-chaises-de-presbytere","status":"publish","type":"post","link":"http:\/\/www.lacas.be\/?p=40","title":{"rendered":"Brocante et \u00ab\u00a0chaises de presbyt\u00e8re\u00a0\u00bb"},"content":{"rendered":"<p>Achet\u00e9es pour quelques euros sur une petite brocante en mai dernier, 6 chaises qui nous font penser \u00e0 celles qui d\u00e9coraient les presbyt\u00e8res d&rsquo;antan, sont en cours de r\u00e9novation. Nous les avons entass\u00e9es vaille que vaille dans le coffre de la voiture apr\u00e8s avoir succomb\u00e9 \u00e0 leur charme.<br \/>\nCi-dessous un exemplaire \u00ab\u00a0original\u00a0\u00bb :<\/p>\n<p><img loading=\"lazy\" decoding=\"async\" class=\"aligncenter size-medium wp-image-45\" title=\"Avant\" src=\"http:\/\/www.lacas.be\/wp-content\/uploads\/2012\/06\/Avant-200x300.jpg\" alt=\"\" width=\"200\" height=\"300\" srcset=\"http:\/\/www.lacas.be\/wp-content\/uploads\/2012\/06\/Avant-200x300.jpg 200w, http:\/\/www.lacas.be\/wp-content\/uploads\/2012\/06\/Avant-685x1024.jpg 685w\" sizes=\"auto, (max-width: 200px) 100vw, 200px\" \/><\/p>\n<p>La structure est en ch\u00eane et les ressorts sont encore en bon \u00e9tat. Nous avons donc d\u00e9cid\u00e9 de\u00a0les r\u00e9nover afin de les installer dans notre salle \u00e0 manger.<\/p>\n<p>Apr\u00e8s un petit passage \u00e0 Mondial Textile pour\u00a0la garniture et \u00e0 Eleonore Deco pour la peinture, voil\u00e0 un aper\u00e7u partiel d&rsquo;un travail qui demande tout de m\u00eame quelques heures par chaise&#8230;. en attendant que l&rsquo;ensemble soit finalis\u00e9 (mais ce n&rsquo;est pas pour tout de suite !!! quoique &#8230; si le soleil continue de nous bouder cet \u00e9t\u00e9, nous ne manquerons pas de temps !!!!)<\/p>\n<p>\u00a0<img loading=\"lazy\" decoding=\"async\" class=\"alignleft size-medium wp-image-49\" title=\"apr\u00e8s\" src=\"http:\/\/www.lacas.be\/wp-content\/uploads\/2012\/06\/apr\u00e8s1-200x300.jpg\" alt=\"\" width=\"200\" height=\"300\" srcset=\"http:\/\/www.lacas.be\/wp-content\/uploads\/2012\/06\/apr\u00e8s1-200x300.jpg 200w, http:\/\/www.lacas.be\/wp-content\/uploads\/2012\/06\/apr\u00e8s1-685x1024.jpg 685w\" sizes=\"auto, (max-width: 200px) 100vw, 200px\" \/><\/p>\n<p>La table a elle aussi \u00e9t\u00e9 relook\u00e9e, mais pas de photos d&rsquo;avant &#8230;. le plateau a \u00e9t\u00e9 ponc\u00e9 jusqu&rsquo;au bois brut qui demeurera tel quel apr\u00e8s vitrification et le reste mis en couleur\u00a0identique \u00e0 celle des chaises.\u00a0<\/p>\n<p>Passez une belle et douce journ\u00e9e.<\/p>\n<p>&nbsp;<\/p>\n<p>&nbsp;<\/p>\n<p>&nbsp;<\/p>\n<p>&nbsp;<\/p>\n","protected":false},"excerpt":{"rendered":"<p>Achet\u00e9es pour quelques euros sur une petite brocante en mai dernier, 6 chaises qui nous font penser \u00e0 celles qui d\u00e9coraient les presbyt\u00e8res d&rsquo;antan, sont en cours de r\u00e9novation. Nous les avons entass\u00e9es vaille que vaille dans le coffre de &hellip; <a href=\"http:\/\/www.lacas.be\/?p=40\">Continuer la lecture <span class=\"meta-nav\">&rarr;<\/span><\/a><\/p>\n","protected":false},"author":1,"featured_media":0,"comment_status":"open","ping_status":"open","sticky":false,"template":"","format":"standard","meta":{"footnotes":""},"categories":[1],"tags":[],"class_list":["post-40","post","type-post","status-publish","format-standard","hentry","category-non-classe"],"_links":{"self":[{"href":"http:\/\/www.lacas.be\/index.php?rest_route=\/wp\/v2\/posts\/40","targetHints":{"allow":["GET"]}}],"collection":[{"href":"http:\/\/www.lacas.be\/index.php?rest_route=\/wp\/v2\/posts"}],"about":[{"href":"http:\/\/www.lacas.be\/index.php?rest_route=\/wp\/v2\/types\/post"}],"author":[{"embeddable":true,"href":"http:\/\/www.lacas.be\/index.php?rest_route=\/wp\/v2\/users\/1"}],"replies":[{"embeddable":true,"href":"http:\/\/www.lacas.be\/index.php?rest_route=%2Fwp%2Fv2%2Fcomments&post=40"}],"version-history":[{"count":9,"href":"http:\/\/www.lacas.be\/index.php?rest_route=\/wp\/v2\/posts\/40\/revisions"}],"predecessor-version":[{"id":54,"href":"http:\/\/www.lacas.be\/index.php?rest_route=\/wp\/v2\/posts\/40\/revisions\/54"}],"wp:attachment":[{"href":"http:\/\/www.lacas.be\/index.php?rest_route=%2Fwp%2Fv2%2Fmedia&parent=40"}],"wp:term":[{"taxonomy":"category","embeddable":true,"href":"http:\/\/www.lacas.be\/index.php?rest_route=%2Fwp%2Fv2%2Fcategories&post=40"},{"taxonomy":"post_tag","embeddable":true,"href":"http:\/\/www.lacas.be\/index.php?rest_route=%2Fwp%2Fv2%2Ftags&post=40"}],"curies":[{"name":"wp","href":"https:\/\/api.w.org\/{rel}","templated":true}]}}