{"id":3970,"date":"2015-11-06T11:28:12","date_gmt":"2015-11-06T11:28:12","guid":{"rendered":"http:\/\/www.lacas.be\/?p=3970"},"modified":"2015-11-06T11:30:57","modified_gmt":"2015-11-06T11:30:57","slug":"scrap-recup","status":"publish","type":"post","link":"http:\/\/www.lacas.be\/?p=3970","title":{"rendered":"Scrap r\u00e9cup&rsquo; !"},"content":{"rendered":"<p>Un petit avant\/apr\u00e8s se fondant sur le principe qu&rsquo;une image vaut parfois mieux que de longs discours &#8230;<\/p>\n<p><img loading=\"lazy\" decoding=\"async\" class=\"alignnone wp-image-3969\" src=\"http:\/\/www.lacas.be\/wp-content\/uploads\/2015\/11\/DSC_0052.jpg\" alt=\"DSC_0052\" width=\"374\" height=\"250\" \/>\u00a0 <img loading=\"lazy\" decoding=\"async\" class=\"alignnone wp-image-3962\" src=\"http:\/\/www.lacas.be\/wp-content\/uploads\/2015\/11\/blog-1.jpg\" alt=\"blog 1\" width=\"183\" height=\"249\" \/><\/p>\n<p>Vous rappelez-vous\u00a0ces petits albums photos que les photographes nous remettaient gracieusement en leur temps avec le d\u00e9veloppement de nos pr\u00e9cieuses pellicules ?<\/p>\n<p>Sur une id\u00e9e glan\u00e9e sur le net (d\u00e9sol\u00e9e, je n&rsquo;ai pas not\u00e9 &#8230; peut-\u00eatre sur Pinterest, grand pourvoyeur d&rsquo;inspirations\u00a0&#8230;) je me suis servie de la structure (toute faite !) et des pochettes plastiques &#8211; fa\u00e7on project life !- \u00a0pour r\u00e9aliser ce mini\u00a0color\u00e9 racontant nos d\u00e9couvertes de Montargis et Pontarlier sur la route de nos vacances en 2009 et 2011.<\/p>\n<p><img loading=\"lazy\" decoding=\"async\" class=\"alignnone wp-image-3963\" src=\"http:\/\/www.lacas.be\/wp-content\/uploads\/2015\/11\/blog-2.jpg\" alt=\"blog 2\" width=\"676\" height=\"453\" \/><\/p>\n<p><img loading=\"lazy\" decoding=\"async\" class=\"alignnone size-full wp-image-3964\" src=\"http:\/\/www.lacas.be\/wp-content\/uploads\/2015\/11\/blog-3.jpg\" alt=\"blog 3\" width=\"2856\" height=\"2049\" \/><\/p>\n<p>Habill\u00e9 par un reste de skivertex rouge fonc\u00e9 pour la couverture, cet album banal et sans \u00e2me a subi une cure de rajeunissement gr\u00e2ce\u00a0aux papiers, masking tape et autres embellissements. Les coins m\u00e9talliques apportent une touche qui ach\u00e8ve l&rsquo;ouvrage !!<\/p>\n<p><img loading=\"lazy\" decoding=\"async\" class=\"alignnone wp-image-3965\" src=\"http:\/\/www.lacas.be\/wp-content\/uploads\/2015\/11\/blog-4.jpg\" alt=\"blog 4\" width=\"199\" height=\"256\" \/>\u00a0<img loading=\"lazy\" decoding=\"async\" class=\"alignnone wp-image-3966\" src=\"http:\/\/www.lacas.be\/wp-content\/uploads\/2015\/11\/blog-5.jpg\" alt=\"blog 5\" width=\"362\" height=\"255\" \/><\/p>\n<p>Pour varier la pr\u00e9sentation, un peu trop codifi\u00e9e \u00e0 mon go\u00fbt, j&rsquo;ai int\u00e9gr\u00e9 une pochette de project life que j&rsquo;ai aimant\u00e9e pour un bon maintien\u00a0(cfr ci-dessus) et j&rsquo;ai m\u00e9lang\u00e9 les photos portrait\/paysage (Cfr ci-dessous)<\/p>\n<p><img loading=\"lazy\" decoding=\"async\" class=\"alignnone wp-image-3967\" src=\"http:\/\/www.lacas.be\/wp-content\/uploads\/2015\/11\/blog-6.jpg\" alt=\"blog 6\" width=\"424\" height=\"318\" \/><\/p>\n<p>Ce mini\u00a0 au format 10 x 15 cms est facile et peu on\u00e9reux \u00e0 r\u00e9aliser &#8230; une structure de r\u00e9cup\u00e9ration, des restes de\u00a0papier color\u00e9 pour ajouter du dynamisme \u00e0 l&rsquo;ensemble et quelques photos que l&rsquo;on peut int\u00e9gralement glisser dans les pochettes. Il suffit juste d&rsquo;avoir de l&rsquo;imagination et &#8230; aussi du temps &#8230; ne f\u00fbt-ce que pour\u00a0choisir et assortir les papiers de fond &#8230; \ud83d\ude42<img loading=\"lazy\" decoding=\"async\" class=\"alignnone wp-image-3968\" src=\"http:\/\/www.lacas.be\/wp-content\/uploads\/2015\/11\/blog-7.jpg\" alt=\"blog 7\" width=\"355\" height=\"438\" \/><\/p>\n<p>J&rsquo;esp\u00e8re que ce post vous a plu et surtout vous inspirera !!<\/p>\n<p>Bien \u00e0 vous.<\/p>\n","protected":false},"excerpt":{"rendered":"<p>Un petit avant\/apr\u00e8s se fondant sur le principe qu&rsquo;une image vaut parfois mieux que de longs discours &#8230; \u00a0 Vous rappelez-vous\u00a0ces petits albums photos que les photographes nous remettaient gracieusement en leur temps avec le d\u00e9veloppement de nos pr\u00e9cieuses pellicules &hellip; <a href=\"http:\/\/www.lacas.be\/?p=3970\">Continuer la lecture <span class=\"meta-nav\">&rarr;<\/span><\/a><\/p>\n","protected":false},"author":1,"featured_media":0,"comment_status":"open","ping_status":"open","sticky":false,"template":"","format":"standard","meta":{"footnotes":""},"categories":[18],"tags":[],"class_list":["post-3970","post","type-post","status-publish","format-standard","hentry","category-scrapbooking"],"_links":{"self":[{"href":"http:\/\/www.lacas.be\/index.php?rest_route=\/wp\/v2\/posts\/3970","targetHints":{"allow":["GET"]}}],"collection":[{"href":"http:\/\/www.lacas.be\/index.php?rest_route=\/wp\/v2\/posts"}],"about":[{"href":"http:\/\/www.lacas.be\/index.php?rest_route=\/wp\/v2\/types\/post"}],"author":[{"embeddable":true,"href":"http:\/\/www.lacas.be\/index.php?rest_route=\/wp\/v2\/users\/1"}],"replies":[{"embeddable":true,"href":"http:\/\/www.lacas.be\/index.php?rest_route=%2Fwp%2Fv2%2Fcomments&post=3970"}],"version-history":[{"count":9,"href":"http:\/\/www.lacas.be\/index.php?rest_route=\/wp\/v2\/posts\/3970\/revisions"}],"predecessor-version":[{"id":3979,"href":"http:\/\/www.lacas.be\/index.php?rest_route=\/wp\/v2\/posts\/3970\/revisions\/3979"}],"wp:attachment":[{"href":"http:\/\/www.lacas.be\/index.php?rest_route=%2Fwp%2Fv2%2Fmedia&parent=3970"}],"wp:term":[{"taxonomy":"category","embeddable":true,"href":"http:\/\/www.lacas.be\/index.php?rest_route=%2Fwp%2Fv2%2Fcategories&post=3970"},{"taxonomy":"post_tag","embeddable":true,"href":"http:\/\/www.lacas.be\/index.php?rest_route=%2Fwp%2Fv2%2Ftags&post=3970"}],"curies":[{"name":"wp","href":"https:\/\/api.w.org\/{rel}","templated":true}]}}