{"id":396,"date":"2013-05-13T14:46:35","date_gmt":"2013-05-13T14:46:35","guid":{"rendered":"http:\/\/www.lacas.be\/?p=396"},"modified":"2013-05-13T14:51:35","modified_gmt":"2013-05-13T14:51:35","slug":"retour-des-brocantes-et-vides-greniers","status":"publish","type":"post","link":"http:\/\/www.lacas.be\/?p=396","title":{"rendered":"Retour des brocantes et vides greniers"},"content":{"rendered":"<p>En images notre butin des premi\u00e8res brocantes 2013 et d&rsquo;autres plus anciennes :<\/p>\n<p>une petite table ancienne en ch\u00eane sans pr\u00e9tention mais qui m&rsquo;a charm\u00e9e un matin de brocante frisquet et embrum\u00e9, que j&rsquo;ai laiss\u00e9e dans son jus apr\u00e8s un bon nettoyage \u00e0 la lessive saint marc et que j&rsquo;ai plac\u00e9e dans l&rsquo;entr\u00e9e &#8230;. en guise de \u00ab\u00a0mon petit coin proven\u00e7al\u00a0\u00bb J&rsquo;ai trouv\u00e9 les pieds l\u00e9g\u00e8rement arrondis assez \u00e9l\u00e9gants et la dimension convenant bien \u00e0 l&rsquo;endroit choisi pour \u00eatre exhib\u00e9 &#8230;<\/p>\n<p><a href=\"http:\/\/www.lacas.be\/wp-content\/uploads\/2013\/05\/DSC_0314.jpg\"><img loading=\"lazy\" decoding=\"async\" class=\"aligncenter size-medium wp-image-401\" alt=\"DSC_0314\" src=\"http:\/\/www.lacas.be\/wp-content\/uploads\/2013\/05\/DSC_0314-300x200.jpg\" width=\"300\" height=\"200\" srcset=\"http:\/\/www.lacas.be\/wp-content\/uploads\/2013\/05\/DSC_0314-300x200.jpg 300w, http:\/\/www.lacas.be\/wp-content\/uploads\/2013\/05\/DSC_0314-1024x685.jpg 1024w\" sizes=\"auto, (max-width: 300px) 100vw, 300px\" \/><\/a><a href=\"http:\/\/www.lacas.be\/wp-content\/uploads\/2013\/05\/DSC_03131.jpg\"><img loading=\"lazy\" decoding=\"async\" class=\"aligncenter size-medium wp-image-407\" alt=\"DSC_0313\" src=\"http:\/\/www.lacas.be\/wp-content\/uploads\/2013\/05\/DSC_03131-200x300.jpg\" width=\"200\" height=\"300\" srcset=\"http:\/\/www.lacas.be\/wp-content\/uploads\/2013\/05\/DSC_03131-200x300.jpg 200w, http:\/\/www.lacas.be\/wp-content\/uploads\/2013\/05\/DSC_03131-685x1024.jpg 685w\" sizes=\"auto, (max-width: 200px) 100vw, 200px\" \/><\/a><\/p>\n<p>le d\u00e9but d&rsquo;une collection de moulins \u00e0 caf\u00e9 originaux (\u00e7a, c&rsquo;est\u00a0 la passion naissante de ma deuxi\u00e8me moiti\u00e9 &#8230; euh, mon double &#8230;.)<\/p>\n<p><a href=\"http:\/\/www.lacas.be\/wp-content\/uploads\/2013\/05\/DSC_0322.jpg\"><img loading=\"lazy\" decoding=\"async\" class=\"aligncenter size-medium wp-image-402\" alt=\"DSC_0322\" src=\"http:\/\/www.lacas.be\/wp-content\/uploads\/2013\/05\/DSC_0322-300x200.jpg\" width=\"300\" height=\"200\" srcset=\"http:\/\/www.lacas.be\/wp-content\/uploads\/2013\/05\/DSC_0322-300x200.jpg 300w, http:\/\/www.lacas.be\/wp-content\/uploads\/2013\/05\/DSC_0322-1024x685.jpg 1024w\" sizes=\"auto, (max-width: 300px) 100vw, 300px\" \/><\/a><\/p>\n<p>une sauci\u00e8re estampill\u00e9e Villeroy et Boch et autre vaisselle notamment du Vieux Saint Amand :<\/p>\n<p><a href=\"http:\/\/www.lacas.be\/wp-content\/uploads\/2013\/05\/DSC_0323.jpg\"><img loading=\"lazy\" decoding=\"async\" class=\"aligncenter size-medium wp-image-404\" alt=\"DSC_0323\" src=\"http:\/\/www.lacas.be\/wp-content\/uploads\/2013\/05\/DSC_0323-300x200.jpg\" width=\"300\" height=\"200\" srcset=\"http:\/\/www.lacas.be\/wp-content\/uploads\/2013\/05\/DSC_0323-300x200.jpg 300w, http:\/\/www.lacas.be\/wp-content\/uploads\/2013\/05\/DSC_0323-1024x685.jpg 1024w\" sizes=\"auto, (max-width: 300px) 100vw, 300px\" \/><\/a><a href=\"http:\/\/www.lacas.be\/wp-content\/uploads\/2013\/05\/DSC_0325.jpg\"><img loading=\"lazy\" decoding=\"async\" class=\"aligncenter size-medium wp-image-405\" alt=\"DSC_0325\" src=\"http:\/\/www.lacas.be\/wp-content\/uploads\/2013\/05\/DSC_0325-300x200.jpg\" width=\"300\" height=\"200\" srcset=\"http:\/\/www.lacas.be\/wp-content\/uploads\/2013\/05\/DSC_0325-300x200.jpg 300w, http:\/\/www.lacas.be\/wp-content\/uploads\/2013\/05\/DSC_0325-1024x685.jpg 1024w\" sizes=\"auto, (max-width: 300px) 100vw, 300px\" \/><\/a><\/p>\n<p>le meuble de famille repeint voici d\u00e9j\u00e0 un moment qui orne enfin le fond du couloir d&rsquo;entr\u00e9e, le plateau est en gris de su\u00e8de et le corps en craie (ma couleur de pr\u00e9dilection du moment) de chez Eleonore Deco comme d&rsquo;habitude\u00a0 :<\/p>\n<p><a href=\"http:\/\/www.lacas.be\/wp-content\/uploads\/2013\/05\/DSC_0316.jpg\"><img loading=\"lazy\" decoding=\"async\" class=\"aligncenter size-medium wp-image-408\" alt=\"DSC_0316\" src=\"http:\/\/www.lacas.be\/wp-content\/uploads\/2013\/05\/DSC_0316-200x300.jpg\" width=\"200\" height=\"300\" srcset=\"http:\/\/www.lacas.be\/wp-content\/uploads\/2013\/05\/DSC_0316-200x300.jpg 200w, http:\/\/www.lacas.be\/wp-content\/uploads\/2013\/05\/DSC_0316-685x1024.jpg 685w\" sizes=\"auto, (max-width: 200px) 100vw, 200px\" \/><\/a><\/p>\n<p><a href=\"http:\/\/www.lacas.be\/wp-content\/uploads\/2013\/05\/DSC_0317.jpg\"><img loading=\"lazy\" decoding=\"async\" class=\"aligncenter size-medium wp-image-400\" alt=\"DSC_0317\" src=\"http:\/\/www.lacas.be\/wp-content\/uploads\/2013\/05\/DSC_0317-300x200.jpg\" width=\"300\" height=\"200\" srcset=\"http:\/\/www.lacas.be\/wp-content\/uploads\/2013\/05\/DSC_0317-300x200.jpg 300w, http:\/\/www.lacas.be\/wp-content\/uploads\/2013\/05\/DSC_0317-1024x685.jpg 1024w\" sizes=\"auto, (max-width: 300px) 100vw, 300px\" \/><\/a><\/p>\n<p>Enfin, une vieille cruche en fer \u00e9maill\u00e9 blanc cercl\u00e9e \u00e0 l&rsquo;origine de fins traits bleus sur le bec qui manquait d&rsquo;allure (j&rsquo;entends encore les commentaires peu \u00e9logieux de notre fille : \u00ab\u00a0quoi, vous avez achet\u00e9 \u00ab\u00a0\u00e7a \u00a0\u00bb ?&#8230; c&rsquo;est moche !!!) et repeint avec un beau vert \u00ab\u00a0avocat\u00a0\u00bb, nouveaut\u00e9 Eleonore Deco, il y manque encore une petite couche de couleur, un peu de pochoir et de vitrificateur pour \u00eatre achev\u00e9 mais &#8230; la f\u00eate des m\u00e8res de ce dimanche m&rsquo;ayant fait don d&rsquo;un beau bouquet de roses, je n&rsquo;ai pu r\u00e9sister \u00e0 l&rsquo;inaugurer tel quel &#8230; et je trouve l&rsquo;ensemble assez esth\u00e9tique :<\/p>\n<p><a href=\"http:\/\/www.lacas.be\/wp-content\/uploads\/2013\/05\/DSC_03211.jpg\"><img loading=\"lazy\" decoding=\"async\" class=\"aligncenter size-medium wp-image-409\" alt=\"DSC_0321\" src=\"http:\/\/www.lacas.be\/wp-content\/uploads\/2013\/05\/DSC_03211-200x300.jpg\" width=\"200\" height=\"300\" srcset=\"http:\/\/www.lacas.be\/wp-content\/uploads\/2013\/05\/DSC_03211-200x300.jpg 200w, http:\/\/www.lacas.be\/wp-content\/uploads\/2013\/05\/DSC_03211-685x1024.jpg 685w\" sizes=\"auto, (max-width: 200px) 100vw, 200px\" \/><\/a><\/p>\n<p>Et voil\u00e0, c&rsquo;est tout pour le moment &#8230;. sachant qu&rsquo;il me reste encore deux cruches de dimension plus petites \u00e0 parachever \u00e9galement, que j&rsquo;ai enfin d\u00e9nich\u00e9 le casier d&rsquo;imprimeur de mes r\u00eaves (100 cases &#8211; j&rsquo;ai compt\u00e9 !) \u00e0 remplir de petites broderies adapt\u00e9es (rendez-vous dans 10 ans, je ne suis pas pr\u00eate \u00e0 l&rsquo;avoir fini celui-l\u00e0 &#8230;), que je brode des futilit\u00e9s tous les soirs en regardant la TV &#8230; et enfin, que la saison des brocantes ne fait que commencer &#8230;.. mais jur\u00e9, promis, crach\u00e9, cette ann\u00e9e plus de meubles, plus de chaises, les murs de la maison ne sont pas extensibles \u00e0 l&rsquo;infini et nous n&rsquo;avons plus le v\u00e9hicule ad hoc pour faire les transports (ouf !!! Rien que \u00e7a limitera les coups de coeur impulsifs&#8230;.).<\/p>\n<p>Merci de m&rsquo;avoir lue et \u00e0 tr\u00e8s bient\u00f4t.<\/p>\n","protected":false},"excerpt":{"rendered":"<p>En images notre butin des premi\u00e8res brocantes 2013 et d&rsquo;autres plus anciennes : une petite table ancienne en ch\u00eane sans pr\u00e9tention mais qui m&rsquo;a charm\u00e9e un matin de brocante frisquet et embrum\u00e9, que j&rsquo;ai laiss\u00e9e dans son jus apr\u00e8s un &hellip; <a href=\"http:\/\/www.lacas.be\/?p=396\">Continuer la lecture <span class=\"meta-nav\">&rarr;<\/span><\/a><\/p>\n","protected":false},"author":1,"featured_media":0,"comment_status":"open","ping_status":"open","sticky":false,"template":"","format":"standard","meta":{"footnotes":""},"categories":[1],"tags":[],"class_list":["post-396","post","type-post","status-publish","format-standard","hentry","category-non-classe"],"_links":{"self":[{"href":"http:\/\/www.lacas.be\/index.php?rest_route=\/wp\/v2\/posts\/396","targetHints":{"allow":["GET"]}}],"collection":[{"href":"http:\/\/www.lacas.be\/index.php?rest_route=\/wp\/v2\/posts"}],"about":[{"href":"http:\/\/www.lacas.be\/index.php?rest_route=\/wp\/v2\/types\/post"}],"author":[{"embeddable":true,"href":"http:\/\/www.lacas.be\/index.php?rest_route=\/wp\/v2\/users\/1"}],"replies":[{"embeddable":true,"href":"http:\/\/www.lacas.be\/index.php?rest_route=%2Fwp%2Fv2%2Fcomments&post=396"}],"version-history":[{"count":5,"href":"http:\/\/www.lacas.be\/index.php?rest_route=\/wp\/v2\/posts\/396\/revisions"}],"predecessor-version":[{"id":415,"href":"http:\/\/www.lacas.be\/index.php?rest_route=\/wp\/v2\/posts\/396\/revisions\/415"}],"wp:attachment":[{"href":"http:\/\/www.lacas.be\/index.php?rest_route=%2Fwp%2Fv2%2Fmedia&parent=396"}],"wp:term":[{"taxonomy":"category","embeddable":true,"href":"http:\/\/www.lacas.be\/index.php?rest_route=%2Fwp%2Fv2%2Fcategories&post=396"},{"taxonomy":"post_tag","embeddable":true,"href":"http:\/\/www.lacas.be\/index.php?rest_route=%2Fwp%2Fv2%2Ftags&post=396"}],"curies":[{"name":"wp","href":"https:\/\/api.w.org\/{rel}","templated":true}]}}