{"id":379,"date":"2013-04-29T18:24:44","date_gmt":"2013-04-29T18:24:44","guid":{"rendered":"http:\/\/www.lacas.be\/?p=379"},"modified":"2013-04-29T18:32:28","modified_gmt":"2013-04-29T18:32:28","slug":"fete-de-famille","status":"publish","type":"post","link":"http:\/\/www.lacas.be\/?p=379","title":{"rendered":"F\u00eate de famille"},"content":{"rendered":"<p>Comme annonc\u00e9 pr\u00e9c\u00e9demment, voici les photos des ronds de serviettes qui ont orn\u00e9 la table r\u00e9cente d&rsquo;une f\u00eate \u00ab\u00a0dizanniversaire\u00a0\u00bb &#8230;\u00a0 Ils resteront un peu comme une trace, une m\u00e9moire de cette soir\u00e9e qui &#8211; je crois bien &#8211; fera date dans les annales familiales !<\/p>\n<p style=\"text-align: center;\"><a href=\"http:\/\/www.lacas.be\/wp-content\/uploads\/2013\/04\/DSC_0274.jpg\"><img loading=\"lazy\" decoding=\"async\" class=\"aligncenter size-medium wp-image-385\" alt=\"DSC_0274\" src=\"http:\/\/www.lacas.be\/wp-content\/uploads\/2013\/04\/DSC_0274-300x200.jpg\" width=\"300\" height=\"200\" srcset=\"http:\/\/www.lacas.be\/wp-content\/uploads\/2013\/04\/DSC_0274-300x200.jpg 300w, http:\/\/www.lacas.be\/wp-content\/uploads\/2013\/04\/DSC_0274-1024x685.jpg 1024w\" sizes=\"auto, (max-width: 300px) 100vw, 300px\" \/><\/a><\/p>\n<p style=\"text-align: center;\"><a href=\"http:\/\/www.lacas.be\/wp-content\/uploads\/2013\/04\/DSC_02711.jpg\"><img loading=\"lazy\" decoding=\"async\" class=\"aligncenter size-medium wp-image-384\" alt=\"DSC_0271\" src=\"http:\/\/www.lacas.be\/wp-content\/uploads\/2013\/04\/DSC_02711-300x200.jpg\" width=\"300\" height=\"223\" \/><\/a><\/p>\n<p style=\"text-align: center;\"><a href=\"http:\/\/www.lacas.be\/wp-content\/uploads\/2013\/04\/056.jpg\"><img loading=\"lazy\" decoding=\"async\" class=\"aligncenter size-medium wp-image-389\" alt=\"056\" src=\"http:\/\/www.lacas.be\/wp-content\/uploads\/2013\/04\/056-300x200.jpg\" width=\"300\" height=\"200\" srcset=\"http:\/\/www.lacas.be\/wp-content\/uploads\/2013\/04\/056-300x200.jpg 300w, http:\/\/www.lacas.be\/wp-content\/uploads\/2013\/04\/056-1024x685.jpg 1024w\" sizes=\"auto, (max-width: 300px) 100vw, 300px\" \/><\/a><\/p>\n<p style=\"text-align: center;\">Passez une belle soir\u00e9e<\/p>\n<p style=\"text-align: center;\">\n","protected":false},"excerpt":{"rendered":"<p>Comme annonc\u00e9 pr\u00e9c\u00e9demment, voici les photos des ronds de serviettes qui ont orn\u00e9 la table r\u00e9cente d&rsquo;une f\u00eate \u00ab\u00a0dizanniversaire\u00a0\u00bb &#8230;\u00a0 Ils resteront un peu comme une trace, une m\u00e9moire de cette soir\u00e9e qui &#8211; je crois bien &#8211; fera date &hellip; <a href=\"http:\/\/www.lacas.be\/?p=379\">Continuer la lecture <span class=\"meta-nav\">&rarr;<\/span><\/a><\/p>\n","protected":false},"author":1,"featured_media":0,"comment_status":"open","ping_status":"open","sticky":false,"template":"","format":"standard","meta":{"footnotes":""},"categories":[1],"tags":[],"class_list":["post-379","post","type-post","status-publish","format-standard","hentry","category-non-classe"],"_links":{"self":[{"href":"http:\/\/www.lacas.be\/index.php?rest_route=\/wp\/v2\/posts\/379","targetHints":{"allow":["GET"]}}],"collection":[{"href":"http:\/\/www.lacas.be\/index.php?rest_route=\/wp\/v2\/posts"}],"about":[{"href":"http:\/\/www.lacas.be\/index.php?rest_route=\/wp\/v2\/types\/post"}],"author":[{"embeddable":true,"href":"http:\/\/www.lacas.be\/index.php?rest_route=\/wp\/v2\/users\/1"}],"replies":[{"embeddable":true,"href":"http:\/\/www.lacas.be\/index.php?rest_route=%2Fwp%2Fv2%2Fcomments&post=379"}],"version-history":[{"count":4,"href":"http:\/\/www.lacas.be\/index.php?rest_route=\/wp\/v2\/posts\/379\/revisions"}],"predecessor-version":[{"id":393,"href":"http:\/\/www.lacas.be\/index.php?rest_route=\/wp\/v2\/posts\/379\/revisions\/393"}],"wp:attachment":[{"href":"http:\/\/www.lacas.be\/index.php?rest_route=%2Fwp%2Fv2%2Fmedia&parent=379"}],"wp:term":[{"taxonomy":"category","embeddable":true,"href":"http:\/\/www.lacas.be\/index.php?rest_route=%2Fwp%2Fv2%2Fcategories&post=379"},{"taxonomy":"post_tag","embeddable":true,"href":"http:\/\/www.lacas.be\/index.php?rest_route=%2Fwp%2Fv2%2Ftags&post=379"}],"curies":[{"name":"wp","href":"https:\/\/api.w.org\/{rel}","templated":true}]}}