{"id":3789,"date":"2015-09-09T17:23:52","date_gmt":"2015-09-09T17:23:52","guid":{"rendered":"http:\/\/www.lacas.be\/?p=3789"},"modified":"2015-09-09T17:23:52","modified_gmt":"2015-09-09T17:23:52","slug":"rentree-litteraire","status":"publish","type":"post","link":"http:\/\/www.lacas.be\/?p=3789","title":{"rendered":"Rentr\u00e9e litt\u00e9raire !"},"content":{"rendered":"<p>Dans le cadre du challenge de septembre 2015 organis\u00e9 par le blog \u00ab\u00a0un air de scrap\u00a0\u00bb, j&rsquo;ai customis\u00e9 un cahier de textes \u00e9crits dans ma jeunesse et retrouv\u00e9 tout poussi\u00e9reux au gr\u00e9 de mes rangements &#8230;<\/p>\n<p><img loading=\"lazy\" decoding=\"async\" class=\"alignnone size-large wp-image-3792\" src=\"http:\/\/www.lacas.be\/wp-content\/uploads\/2015\/09\/blog-3.jpg\" alt=\"blog 3\" width=\"700\" height=\"591\" \/><\/p>\n<p>Je l&rsquo;ai renomm\u00e9 \u00ab\u00a0rentr\u00e9e litt\u00e9raire\u00a0\u00bb en clin d&rsquo;oeil avec son contenu qui date pour le plus ancien de 1978 !<\/p>\n<p><img loading=\"lazy\" decoding=\"async\" class=\"alignnone wp-image-3794\" src=\"http:\/\/www.lacas.be\/wp-content\/uploads\/2015\/09\/blog-5.jpg\" alt=\"blog 5\" width=\"694\" height=\"719\" \/><\/p>\n<p><img loading=\"lazy\" decoding=\"async\" class=\"alignnone wp-image-3790\" src=\"http:\/\/www.lacas.be\/wp-content\/uploads\/2015\/09\/blog-1.jpg\" alt=\"blog 1\" width=\"710\" height=\"734\" \/><\/p>\n<p>C&rsquo;est avec \u00e9motion que j&rsquo;ai relu ces textes oubli\u00e9s &#8230; Internet n&rsquo;existait pas et les blogs encore moins ! Mais j&rsquo;aurais tr\u00e8s certainement ouvert un blog pour partager mes \u00e9tats d&rsquo;\u00e2me litt\u00e9raires &#8230; Mais tr\u00eave de nostalgie, je suis satisfaite d&rsquo;avoir modernis\u00e9 ce carnet, la couverture initiale \u00e9tant plus que vieillotte !!!<\/p>\n<p>Merci pour votre visite et \u00e0 bient\u00f4t.<\/p>\n<p>&nbsp;<\/p>\n<p>&nbsp;<\/p>\n<p>&nbsp;<\/p>\n","protected":false},"excerpt":{"rendered":"<p>Dans le cadre du challenge de septembre 2015 organis\u00e9 par le blog \u00ab\u00a0un air de scrap\u00a0\u00bb, j&rsquo;ai customis\u00e9 un cahier de textes \u00e9crits dans ma jeunesse et retrouv\u00e9 tout poussi\u00e9reux au gr\u00e9 de mes rangements &#8230; Je l&rsquo;ai renomm\u00e9 \u00ab\u00a0rentr\u00e9e &hellip; <a href=\"http:\/\/www.lacas.be\/?p=3789\">Continuer la lecture <span class=\"meta-nav\">&rarr;<\/span><\/a><\/p>\n","protected":false},"author":1,"featured_media":0,"comment_status":"open","ping_status":"open","sticky":false,"template":"","format":"standard","meta":{"footnotes":""},"categories":[18],"tags":[],"class_list":["post-3789","post","type-post","status-publish","format-standard","hentry","category-scrapbooking"],"_links":{"self":[{"href":"http:\/\/www.lacas.be\/index.php?rest_route=\/wp\/v2\/posts\/3789","targetHints":{"allow":["GET"]}}],"collection":[{"href":"http:\/\/www.lacas.be\/index.php?rest_route=\/wp\/v2\/posts"}],"about":[{"href":"http:\/\/www.lacas.be\/index.php?rest_route=\/wp\/v2\/types\/post"}],"author":[{"embeddable":true,"href":"http:\/\/www.lacas.be\/index.php?rest_route=\/wp\/v2\/users\/1"}],"replies":[{"embeddable":true,"href":"http:\/\/www.lacas.be\/index.php?rest_route=%2Fwp%2Fv2%2Fcomments&post=3789"}],"version-history":[{"count":5,"href":"http:\/\/www.lacas.be\/index.php?rest_route=\/wp\/v2\/posts\/3789\/revisions"}],"predecessor-version":[{"id":3799,"href":"http:\/\/www.lacas.be\/index.php?rest_route=\/wp\/v2\/posts\/3789\/revisions\/3799"}],"wp:attachment":[{"href":"http:\/\/www.lacas.be\/index.php?rest_route=%2Fwp%2Fv2%2Fmedia&parent=3789"}],"wp:term":[{"taxonomy":"category","embeddable":true,"href":"http:\/\/www.lacas.be\/index.php?rest_route=%2Fwp%2Fv2%2Fcategories&post=3789"},{"taxonomy":"post_tag","embeddable":true,"href":"http:\/\/www.lacas.be\/index.php?rest_route=%2Fwp%2Fv2%2Ftags&post=3789"}],"curies":[{"name":"wp","href":"https:\/\/api.w.org\/{rel}","templated":true}]}}