{"id":3421,"date":"2015-05-16T16:40:14","date_gmt":"2015-05-16T16:40:14","guid":{"rendered":"http:\/\/www.lacas.be\/?p=3421"},"modified":"2015-05-26T05:47:09","modified_gmt":"2015-05-26T05:47:09","slug":"pique-nique-vintage","status":"publish","type":"post","link":"http:\/\/www.lacas.be\/?p=3421","title":{"rendered":"Pique-nique vintage"},"content":{"rendered":"<p>A partir d&rsquo;un sketch de \u00ab\u00a0passion scrapbooking\u00a0\u00bb (d\u00e9fi mai 2015 auquel je participe !! ), voici mon interpr\u00e9tation !<\/p>\n<p><a href=\"http:\/\/www.lacas.be\/wp-content\/uploads\/2015\/05\/blog-13.jpg\"><img loading=\"lazy\" decoding=\"async\" class=\"alignnone  wp-image-3422\" src=\"http:\/\/www.lacas.be\/wp-content\/uploads\/2015\/05\/blog-13.jpg\" alt=\"blog 1\" width=\"617\" height=\"550\" \/><\/a><\/p>\n<p>Un fond de page brun fonc\u00e9 avec quelques touches de jaune pour apporter un peu de dynamisme et de chaleur \u00e0 l&rsquo;image de ce qu&rsquo;a pu \u00eatre ce pique-nique vintage. La banquette arri\u00e8re de la Citro\u00ebn s&rsquo;enlevait en deux trois mouvements afin de servir de si\u00e8ge confortable en pleine nature pour ces dames &#8230; \u00e7a fait r\u00eaver !! \ud83d\ude42<\/p>\n<p><a href=\"http:\/\/www.lacas.be\/wp-content\/uploads\/2015\/05\/blog-34.jpg\"><img loading=\"lazy\" decoding=\"async\" class=\"alignnone  wp-image-3424\" src=\"http:\/\/www.lacas.be\/wp-content\/uploads\/2015\/05\/blog-34.jpg\" alt=\"blog 3\" width=\"623\" height=\"603\" \/><\/a><\/p>\n<p>Les ronds ont \u00e9t\u00e9 r\u00e9alis\u00e9s sur le fond de page\u00a0 avec de l&rsquo;encre brun marron. Un sticker (les valises) a \u00e9t\u00e9 appos\u00e9 en harmonie avec l&#8217;embossage de quelques embellissements rappelant un esprit \u00ab\u00a0voyage\u00a0\u00bb. J&rsquo;ai confectionn\u00e9 les tags avec la nouvelle perforatrice Fiskars 3 en 1 &#8230; (une merveille !!!)<\/p>\n<p>&nbsp;<\/p>\n<p>A bient\u00f4t !<\/p>\n<p>&nbsp;<\/p>\n","protected":false},"excerpt":{"rendered":"<p>A partir d&rsquo;un sketch de \u00ab\u00a0passion scrapbooking\u00a0\u00bb (d\u00e9fi mai 2015 auquel je participe !! ), voici mon interpr\u00e9tation ! Un fond de page brun fonc\u00e9 avec quelques touches de jaune pour apporter un peu de dynamisme et de chaleur \u00e0 &hellip; <a href=\"http:\/\/www.lacas.be\/?p=3421\">Continuer la lecture <span class=\"meta-nav\">&rarr;<\/span><\/a><\/p>\n","protected":false},"author":1,"featured_media":0,"comment_status":"open","ping_status":"open","sticky":false,"template":"","format":"standard","meta":{"footnotes":""},"categories":[18],"tags":[],"class_list":["post-3421","post","type-post","status-publish","format-standard","hentry","category-scrapbooking"],"_links":{"self":[{"href":"http:\/\/www.lacas.be\/index.php?rest_route=\/wp\/v2\/posts\/3421","targetHints":{"allow":["GET"]}}],"collection":[{"href":"http:\/\/www.lacas.be\/index.php?rest_route=\/wp\/v2\/posts"}],"about":[{"href":"http:\/\/www.lacas.be\/index.php?rest_route=\/wp\/v2\/types\/post"}],"author":[{"embeddable":true,"href":"http:\/\/www.lacas.be\/index.php?rest_route=\/wp\/v2\/users\/1"}],"replies":[{"embeddable":true,"href":"http:\/\/www.lacas.be\/index.php?rest_route=%2Fwp%2Fv2%2Fcomments&post=3421"}],"version-history":[{"count":5,"href":"http:\/\/www.lacas.be\/index.php?rest_route=\/wp\/v2\/posts\/3421\/revisions"}],"predecessor-version":[{"id":3456,"href":"http:\/\/www.lacas.be\/index.php?rest_route=\/wp\/v2\/posts\/3421\/revisions\/3456"}],"wp:attachment":[{"href":"http:\/\/www.lacas.be\/index.php?rest_route=%2Fwp%2Fv2%2Fmedia&parent=3421"}],"wp:term":[{"taxonomy":"category","embeddable":true,"href":"http:\/\/www.lacas.be\/index.php?rest_route=%2Fwp%2Fv2%2Fcategories&post=3421"},{"taxonomy":"post_tag","embeddable":true,"href":"http:\/\/www.lacas.be\/index.php?rest_route=%2Fwp%2Fv2%2Ftags&post=3421"}],"curies":[{"name":"wp","href":"https:\/\/api.w.org\/{rel}","templated":true}]}}